{"id":30797,"date":"2019-04-27T19:00:00","date_gmt":"2019-04-27T23:00:00","guid":{"rendered":"https:\/\/linitiative.ca\/International\/france-metz-retrouve-lelite\/"},"modified":"2019-04-27T19:00:00","modified_gmt":"2019-04-27T23:00:00","slug":"france-metz-retrouve-lelite","status":"publish","type":"post","link":"https:\/\/linitiative.ca\/International\/france-metz-retrouve-lelite\/","title":{"rendered":"France :  Metz retrouve l\u2019\u00e9lite"},"content":{"rendered":"<p>Le FC Metz a compost\u00e9 son billet pour la D1 fran\u00e7aise en d\u00e9crochant la victoire 2-1 sur la pelouse du Red\u00a0\u00a0 Star, la lanterne rouge, vendredi \u00e0 Beauvais (Oise), lors de la 35e journ\u00e9e de D2. Leader incontestable du championnat depuis la deuxi\u00e8me journ\u00e9e, le club\u00a0\u00a0 mosellan retrouve l&rsquo;\u00e9lite seulement un an apr\u00e8s l&rsquo;avoir quitt\u00e9e. Avec 11 points d&rsquo;avance sur le troisi\u00e8me, Troyes, les Messins ne peuvent plus \u00eatre rejoints \u00e0 trois journ\u00e9es de la fin de la saison. C&rsquo;est un but d&rsquo;Opa Nguette \u00e0 la 90e minute qui a offert le succ\u00e8s et l&rsquo;accession aux Grenats, qui avaient ouvert le score par Habib Diallo sur\u00a0\u00a0 penalty (21e). L&rsquo;\u00e9galisation d&rsquo;Ismael Camara n&rsquo;aura pas \u00e9t\u00e9 suffisante\u00a0\u00a0 pour les Franciliens, qui sont, eux, quasiment rel\u00e9gu\u00e9s en National 1.\u00a0 Trois jours apr\u00e8s avoir manqu\u00e9 face \u00e0 Grenoble (1-1) une premi\u00e8re occasion de valider la mont\u00e9e, provoquant les sifflets de quelques supporters, les Lorrains ont cette fois atteint leur objectif, pour le plus grand bonheur\u00a0\u00a0 de la centaine de fans qui avaient fait le d\u00e9placement dans l&rsquo;Oise. Au coup de sifflet final, les joueurs ont pu aller c\u00e9l\u00e9brer l&rsquo;accession avec eux en chantant \u00abOn est en Ligue 1\u00bb.<br \/>\u00a0<\/p>\n<p>Auteur: elmoudjahid<br \/>\n<a href=\"http:\/\/www.elmoudjahid.com\/fr\/actualites\/136336\">Cliquez ici pour lire l&rsquo;article depuis sa source.<\/a><\/p>\n","protected":false},"excerpt":{"rendered":"<p>Le FC Metz a compost\u00e9 son billet pour la D1 fran\u00e7aise en d\u00e9crochant la victoire 2-1 sur la pelouse du Red\u00a0\u00a0 Star, la lanterne rouge, vendredi \u00e0 Beauvais (Oise), lors de la 35e journ\u00e9e de D2. Leader incontestable du championnat depuis la deuxi\u00e8me journ\u00e9e, le club\u00a0\u00a0 mosellan retrouve l&rsquo;\u00e9lite seulement un an apr\u00e8s l&rsquo;avoir quitt\u00e9e. [&hellip;]<\/p>\n","protected":false},"author":1744,"featured_media":0,"comment_status":"closed","ping_status":"closed","sticky":false,"template":"","format":"standard","meta":{"fifu_image_url":"","fifu_image_alt":"","footnotes":""},"categories":[73,53],"tags":[],"class_list":["post-30797","post","type-post","status-publish","format-standard","hentry","category-actualite","category-algerie"],"_links":{"self":[{"href":"https:\/\/linitiative.ca\/International\/wp-json\/wp\/v2\/posts\/30797","targetHints":{"allow":["GET"]}}],"collection":[{"href":"https:\/\/linitiative.ca\/International\/wp-json\/wp\/v2\/posts"}],"about":[{"href":"https:\/\/linitiative.ca\/International\/wp-json\/wp\/v2\/types\/post"}],"author":[{"embeddable":true,"href":"https:\/\/linitiative.ca\/International\/wp-json\/wp\/v2\/users\/1744"}],"replies":[{"embeddable":true,"href":"https:\/\/linitiative.ca\/International\/wp-json\/wp\/v2\/comments?post=30797"}],"version-history":[{"count":0,"href":"https:\/\/linitiative.ca\/International\/wp-json\/wp\/v2\/posts\/30797\/revisions"}],"wp:attachment":[{"href":"https:\/\/linitiative.ca\/International\/wp-json\/wp\/v2\/media?parent=30797"}],"wp:term":[{"taxonomy":"category","embeddable":true,"href":"https:\/\/linitiative.ca\/International\/wp-json\/wp\/v2\/categories?post=30797"},{"taxonomy":"post_tag","embeddable":true,"href":"https:\/\/linitiative.ca\/International\/wp-json\/wp\/v2\/tags?post=30797"}],"curies":[{"name":"wp","href":"https:\/\/api.w.org\/{rel}","templated":true}]}}