{"id":30800,"date":"2019-04-27T19:00:00","date_gmt":"2019-04-27T23:00:00","guid":{"rendered":"https:\/\/linitiative.ca\/International\/sidi-bel-abbes-amenagement-du-vieux-quartier-el-graba\/"},"modified":"2019-04-27T19:00:00","modified_gmt":"2019-04-27T23:00:00","slug":"sidi-bel-abbes-amenagement-du-vieux-quartier-el-graba","status":"publish","type":"post","link":"https:\/\/linitiative.ca\/International\/sidi-bel-abbes-amenagement-du-vieux-quartier-el-graba\/","title":{"rendered":"Sidi Bel-Abb\u00e8s : Am\u00e9nagement du vieux quartier El Graba"},"content":{"rendered":"<p>A un rythme soutenu, les travaux d&rsquo;am\u00e9nagement du vieux quartier populaire el Graba se poursuivent \u00e0 la grande joie du commun des habitants\u00a0\u00a0 qui s\u2019identifie \u00e0 ce lieu \u00e9vocateur d\u2019un pass\u00e9 glorieux et d\u2019une r\u00e9sistance aux forces de l\u2019occupation. Foyer de patriotisme, il fut ce lieu de concentration d\u2019une population unie et solidaire dans sa diversit\u00e9 aux \u00e9preuves du temps pour constituer de la cite la Mekkerra. Son immense place publique appel\u00e9e commun\u00e9ment Tahtaha a \u00e9t\u00e9 souvent \u00e9rig\u00e9e en une sc\u00e8ne de spectacles o\u00f9 s\u2019entrem\u00ealent les genres musicaux du b\u00e9douin pour l\u2019animation de ville. Toute une histoire est \u00e0 raconter sur ce quartier qui a connu des fortunes diverses pour subir des d\u00e9gradations de sa configuration urbaine si al\u00e9atoire. Des \u00e9tudes ont \u00e9t\u00e9 engag\u00e9es pour sa restructuration mais sans aucune suite devant la consistance du programme de sa r\u00e9novation. On s&rsquo;est limit\u00e9 juste \u00e0 la d\u00e9molition d\u2019une partie des habitations au caract\u00e8re pr\u00e9caire en l\u2019absence d\u2019une v\u00e9ritable implication des \u00e9lus locaux.<br \/>Depuis quelques semaines d\u00e9j\u00e0, une premi\u00e8re phase a \u00e9t\u00e9 entam\u00e9e et a consist\u00e9 en un am\u00e9nagement total\u00a0 du quartier. Renouvellement des r\u00e9seaux d\u2019AEP et d\u2019assainissement, rev\u00eatement des trottoirs, bitumage des routes, renforcement de l\u2019\u00e9clairage public et ouverture de nouvelles voies d\u2019acc\u00e8s, autant d\u2019actions initi\u00e9es au titre de cette d\u00e9marche qui se veut une forme de r\u00e9habilitation pr\u00e9liminaire de cette entit\u00e9 urbaine devenue par la force des choses un p\u00f4le commercial o\u00f9 s\u2019exercent toutes les activit\u00e9s .<br \/>Accompagn\u00e9 des responsables des services techniques, le wali, Ahmed\u00a0 Sassi Abdelhafidh, a effectu\u00e9 cette semaine une visite d\u2019inspection et de travail sur les lieux pour s\u2019enqu\u00e9rir de l\u2019\u00e9tat d\u2019avancement des travaux en cours pour insister aupr\u00e8s des operateurs en charge de ce programme d\u2019am\u00e9nagement sur la n\u00e9cessit\u00e9 de respecter les d\u00e9lais et d\u2019\u00eatre au rendez-vous. Il n\u2019a pas manqu\u00e9 \u00e9galement de souligner de l&rsquo;op\u00e9ration jug\u00e9e prioritaire au vu des attentes de la population. Un ton est donc donn\u00e9 pour se fixer enfin pour la r\u00e9habilitation et la restructuration de cet espace\u00a0 et sa promotion surtout au c\u0153ur des priorit\u00e9s dans l\u2019action de modernisation de la cit\u00e9 de la Mekkerra.<br \/>A. Bellaha<\/p>\n<p>Auteur: elmoudjahid<br \/>\n<a href=\"http:\/\/www.elmoudjahid.com\/fr\/actualites\/136339\">Cliquez ici pour lire l&rsquo;article depuis sa source.<\/a><\/p>\n","protected":false},"excerpt":{"rendered":"<p>A un rythme soutenu, les travaux d&rsquo;am\u00e9nagement du vieux quartier populaire el Graba se poursuivent \u00e0 la grande joie du commun des habitants\u00a0\u00a0 qui s\u2019identifie \u00e0 ce lieu \u00e9vocateur d\u2019un pass\u00e9 glorieux et d\u2019une r\u00e9sistance aux forces de l\u2019occupation. Foyer de patriotisme, il fut ce lieu de concentration d\u2019une population unie et solidaire dans sa [&hellip;]<\/p>\n","protected":false},"author":1744,"featured_media":0,"comment_status":"closed","ping_status":"closed","sticky":false,"template":"","format":"standard","meta":{"fifu_image_url":"","fifu_image_alt":"","footnotes":""},"categories":[73,53],"tags":[],"class_list":["post-30800","post","type-post","status-publish","format-standard","hentry","category-actualite","category-algerie"],"_links":{"self":[{"href":"https:\/\/linitiative.ca\/International\/wp-json\/wp\/v2\/posts\/30800","targetHints":{"allow":["GET"]}}],"collection":[{"href":"https:\/\/linitiative.ca\/International\/wp-json\/wp\/v2\/posts"}],"about":[{"href":"https:\/\/linitiative.ca\/International\/wp-json\/wp\/v2\/types\/post"}],"author":[{"embeddable":true,"href":"https:\/\/linitiative.ca\/International\/wp-json\/wp\/v2\/users\/1744"}],"replies":[{"embeddable":true,"href":"https:\/\/linitiative.ca\/International\/wp-json\/wp\/v2\/comments?post=30800"}],"version-history":[{"count":0,"href":"https:\/\/linitiative.ca\/International\/wp-json\/wp\/v2\/posts\/30800\/revisions"}],"wp:attachment":[{"href":"https:\/\/linitiative.ca\/International\/wp-json\/wp\/v2\/media?parent=30800"}],"wp:term":[{"taxonomy":"category","embeddable":true,"href":"https:\/\/linitiative.ca\/International\/wp-json\/wp\/v2\/categories?post=30800"},{"taxonomy":"post_tag","embeddable":true,"href":"https:\/\/linitiative.ca\/International\/wp-json\/wp\/v2\/tags?post=30800"}],"curies":[{"name":"wp","href":"https:\/\/api.w.org\/{rel}","templated":true}]}}