{"id":30802,"date":"2019-04-27T19:00:00","date_gmt":"2019-04-27T23:00:00","guid":{"rendered":"https:\/\/linitiative.ca\/International\/syndicat-national-des-magistrats-election-de-issaad-mebrouk\/"},"modified":"2019-04-27T19:00:00","modified_gmt":"2019-04-27T23:00:00","slug":"syndicat-national-des-magistrats-election-de-issaad-mebrouk","status":"publish","type":"post","link":"https:\/\/linitiative.ca\/International\/syndicat-national-des-magistrats-election-de-issaad-mebrouk\/","title":{"rendered":"Syndicat national des magistrats :  Election de Issa\u00e0d Mebrouk"},"content":{"rendered":"<p>Le juge Issa\u00e2d Mebrouk de la Cour de Bejaia a \u00e9t\u00e9 \u00e9lu hier pr\u00e9sident du Syndicat national des magistrats en remplacement du juge Djamel Aidouni, arriv\u00e9 au terme de son mandat. L&rsquo;\u00e9lection a eu lieu lors de la 7e session de l&rsquo;assembl\u00e9e g\u00e9n\u00e9rale ordinaire du SNM qui s&rsquo;est d\u00e9roul\u00e9e \u00e0 l\u2019Ecole sup\u00e9rieure de la magistrature de Kol\u00e9a (Tipasa). Le juge Issa\u00e2d Mebrouk a \u00e9t\u00e9 \u00e9lu avec 35 voix sur les 78 exprim\u00e9es par les repr\u00e9sentants \u00e9lus pr\u00e9c\u00e9demment au niveau des conseils de la magistrature, tribunaux administratifs et autres institutions judiciaires centrales, auxquels ont pris part 4.539 magistrats-\u00e9lecteurs, \u00e0 l\u2019\u00e9chelle nationale. Le magistrat Bouaziz Mohamed (Cour de Tizi-Ouzou) est arriv\u00e9 en 2e position avec 27 voix, au moment ou le reste des voix exprim\u00e9es a \u00e9t\u00e9 reparti sur les quatre autres candidats, qui se sont pr\u00e9sent\u00e9s \u00e0 cette\u00a0 \u00e9lection, dont le d\u00e9roulement est survenu \u00e0 un moment sensible pour le pays. \u00ab\u00a0Les magistrats font face \u00e0 un changement radical au diapason des revendications d\u2019un mouvement populaire r\u00e9clamant le changement\u00a0\u00bb, a soulign\u00e9 dans son intervention le nouveau pr\u00e9sident du Syndicat national des magistrats. Il a appel\u00e9, \u00e0 ce titre, \u00e0 un \u00ab\u00a0changement global et paisible, garant de la pr\u00e9servation des institutions de l\u2019Etat, et surtout non vindicatif\u00a0\u00bb, car, a-t-il dit \u00ab\u00a0les individus changent et partent et seul l\u2019Etat est immuable\u00a0\u00bb.<br \/>\u00a0<\/p>\n<p>Auteur: elmoudjahid<br \/>\n<a href=\"http:\/\/www.elmoudjahid.com\/fr\/actualites\/136341\">Cliquez ici pour lire l&rsquo;article depuis sa source.<\/a><\/p>\n","protected":false},"excerpt":{"rendered":"<p>Le juge Issa\u00e2d Mebrouk de la Cour de Bejaia a \u00e9t\u00e9 \u00e9lu hier pr\u00e9sident du Syndicat national des magistrats en remplacement du juge Djamel Aidouni, arriv\u00e9 au terme de son mandat. L&rsquo;\u00e9lection a eu lieu lors de la 7e session de l&rsquo;assembl\u00e9e g\u00e9n\u00e9rale ordinaire du SNM qui s&rsquo;est d\u00e9roul\u00e9e \u00e0 l\u2019Ecole sup\u00e9rieure de la magistrature [&hellip;]<\/p>\n","protected":false},"author":1744,"featured_media":0,"comment_status":"closed","ping_status":"closed","sticky":false,"template":"","format":"standard","meta":{"fifu_image_url":"","fifu_image_alt":"","footnotes":""},"categories":[73,53],"tags":[],"class_list":["post-30802","post","type-post","status-publish","format-standard","hentry","category-actualite","category-algerie"],"_links":{"self":[{"href":"https:\/\/linitiative.ca\/International\/wp-json\/wp\/v2\/posts\/30802","targetHints":{"allow":["GET"]}}],"collection":[{"href":"https:\/\/linitiative.ca\/International\/wp-json\/wp\/v2\/posts"}],"about":[{"href":"https:\/\/linitiative.ca\/International\/wp-json\/wp\/v2\/types\/post"}],"author":[{"embeddable":true,"href":"https:\/\/linitiative.ca\/International\/wp-json\/wp\/v2\/users\/1744"}],"replies":[{"embeddable":true,"href":"https:\/\/linitiative.ca\/International\/wp-json\/wp\/v2\/comments?post=30802"}],"version-history":[{"count":0,"href":"https:\/\/linitiative.ca\/International\/wp-json\/wp\/v2\/posts\/30802\/revisions"}],"wp:attachment":[{"href":"https:\/\/linitiative.ca\/International\/wp-json\/wp\/v2\/media?parent=30802"}],"wp:term":[{"taxonomy":"category","embeddable":true,"href":"https:\/\/linitiative.ca\/International\/wp-json\/wp\/v2\/categories?post=30802"},{"taxonomy":"post_tag","embeddable":true,"href":"https:\/\/linitiative.ca\/International\/wp-json\/wp\/v2\/tags?post=30802"}],"curies":[{"name":"wp","href":"https:\/\/api.w.org\/{rel}","templated":true}]}}