{"id":30803,"date":"2019-04-27T19:00:00","date_gmt":"2019-04-27T23:00:00","guid":{"rendered":"https:\/\/linitiative.ca\/International\/noureddine-ayadi-nomme-s-g-de-la-presidence-de-la-republique\/"},"modified":"2019-04-27T19:00:00","modified_gmt":"2019-04-27T23:00:00","slug":"noureddine-ayadi-nomme-s-g-de-la-presidence-de-la-republique","status":"publish","type":"post","link":"https:\/\/linitiative.ca\/International\/noureddine-ayadi-nomme-s-g-de-la-presidence-de-la-republique\/","title":{"rendered":"Noureddine Ayadi, nomm\u00e9 S.G.  de la pr\u00e9sidence de la R\u00e9publique"},"content":{"rendered":"<p>Le Chef de l&rsquo;Etat, Abdelkader Bensalah, a nomm\u00e9\u00a0\u00a0 hier M. Noureddine Ayadi Secr\u00e9taire g\u00e9n\u00e9ral de la pr\u00e9sidence de la R\u00e9publique, indique un communiqu\u00e9 de cette institution.\u00a0 \u00ab\u00a0M. Abdelkader Bensalah, Chef de l&rsquo;Etat, a nomm\u00e9 ce jour, samedi 27\u00a0\u00a0 avril 2019, M. Noureddine Ayadi, \u00e0 la fonction de Secr\u00e9taire g\u00e9n\u00e9ral de la pr\u00e9sidence de la R\u00e9publique, en remplacement de M. Logbi Habba\u00a0\u00bb, selon le communiqu\u00e9. N\u00e9 le 23 juin 1956 \u00e0 S\u00e9tif, M. Ayadi est dipl\u00f4m\u00e9 de l&rsquo;Ecole nationale d&rsquo;administration en 1983. Le dernier poste qu&rsquo;il avait occup\u00e9 est celui de Secr\u00e9taire g\u00e9n\u00e9ral du minist\u00e8re des Affaires \u00e9trang\u00e8res. Il a \u00e9t\u00e9\u00a0\u00a0 aussi ambassadeur d&rsquo;Alg\u00e9rie en Argentine, au Mali et aux Pays Bas (2015). Il a \u00e9galement servi \u00e0 l&rsquo;administration centrale au MAE en qualit\u00e9 de\u00a0\u00a0 directeur des Affaires politiques et directeur Am\u00e9rique Latine.\u00a0 Haut cadre charg\u00e9 du processus de dialogue inclusif inter-malien, amorc\u00e9 en juillet 2014, M. Ayadi a pris une grande part \u00e0 toutes les \u00e9tapes du\u00a0\u00a0 processus de paix et de r\u00e9conciliation au Mali.\u00a0 De son parcours professionnel, ressort une exp\u00e9rience forte de 34 ans ax\u00e9e\u00a0\u00a0 essentiellement sur les grands dossiers strat\u00e9giques internationaux qu&rsquo;il avait g\u00e9r\u00e9s au MAE, puis \u00e0 la pr\u00e9sidence de la R\u00e9publique en tant que charg\u00e9 de mission, o\u00f9 il a eu \u00e0 coordonner les travaux du Groupe\u00a0 interminist\u00e9riel charg\u00e9 du suivi de l&rsquo;action ext\u00e9rieure de l&rsquo;Alg\u00e9rie, notamment dans les domaines de la lutte antiterroriste, du crime organis\u00e9 et de l&rsquo;immigration clandestine.<br \/>\u00a0<\/p>\n<p>Auteur: elmoudjahid<br \/>\n<a href=\"http:\/\/www.elmoudjahid.com\/fr\/actualites\/136342\">Cliquez ici pour lire l&rsquo;article depuis sa source.<\/a><\/p>\n","protected":false},"excerpt":{"rendered":"<p>Le Chef de l&rsquo;Etat, Abdelkader Bensalah, a nomm\u00e9\u00a0\u00a0 hier M. Noureddine Ayadi Secr\u00e9taire g\u00e9n\u00e9ral de la pr\u00e9sidence de la R\u00e9publique, indique un communiqu\u00e9 de cette institution.\u00a0 \u00ab\u00a0M. Abdelkader Bensalah, Chef de l&rsquo;Etat, a nomm\u00e9 ce jour, samedi 27\u00a0\u00a0 avril 2019, M. Noureddine Ayadi, \u00e0 la fonction de Secr\u00e9taire g\u00e9n\u00e9ral de la pr\u00e9sidence de la R\u00e9publique, [&hellip;]<\/p>\n","protected":false},"author":1744,"featured_media":0,"comment_status":"closed","ping_status":"closed","sticky":false,"template":"","format":"standard","meta":{"fifu_image_url":"","fifu_image_alt":"","footnotes":""},"categories":[73,53],"tags":[],"class_list":["post-30803","post","type-post","status-publish","format-standard","hentry","category-actualite","category-algerie"],"_links":{"self":[{"href":"https:\/\/linitiative.ca\/International\/wp-json\/wp\/v2\/posts\/30803","targetHints":{"allow":["GET"]}}],"collection":[{"href":"https:\/\/linitiative.ca\/International\/wp-json\/wp\/v2\/posts"}],"about":[{"href":"https:\/\/linitiative.ca\/International\/wp-json\/wp\/v2\/types\/post"}],"author":[{"embeddable":true,"href":"https:\/\/linitiative.ca\/International\/wp-json\/wp\/v2\/users\/1744"}],"replies":[{"embeddable":true,"href":"https:\/\/linitiative.ca\/International\/wp-json\/wp\/v2\/comments?post=30803"}],"version-history":[{"count":0,"href":"https:\/\/linitiative.ca\/International\/wp-json\/wp\/v2\/posts\/30803\/revisions"}],"wp:attachment":[{"href":"https:\/\/linitiative.ca\/International\/wp-json\/wp\/v2\/media?parent=30803"}],"wp:term":[{"taxonomy":"category","embeddable":true,"href":"https:\/\/linitiative.ca\/International\/wp-json\/wp\/v2\/categories?post=30803"},{"taxonomy":"post_tag","embeddable":true,"href":"https:\/\/linitiative.ca\/International\/wp-json\/wp\/v2\/tags?post=30803"}],"curies":[{"name":"wp","href":"https:\/\/api.w.org\/{rel}","templated":true}]}}