{"id":30804,"date":"2019-04-27T19:00:00","date_gmt":"2019-04-27T23:00:00","guid":{"rendered":"https:\/\/linitiative.ca\/International\/m-sabri-boukadoum-recu-par-le-president-tunisien\/"},"modified":"2019-04-27T19:00:00","modified_gmt":"2019-04-27T23:00:00","slug":"m-sabri-boukadoum-recu-par-le-president-tunisien","status":"publish","type":"post","link":"https:\/\/linitiative.ca\/International\/m-sabri-boukadoum-recu-par-le-president-tunisien\/","title":{"rendered":"M. Sabri Boukadoum re\u00e7u par le pr\u00e9sident tunisien"},"content":{"rendered":"<p>Le pr\u00e9sident de la R\u00e9publique B\u00e9ji Ca\u00efd Essebsi a re\u00e7u, hier, au palais de Carthage le ministre des Affaires \u00e9trang\u00e8res, Sabri Boukadoum, a indiqu\u00e9 l\u2019agence TAP. L&rsquo;entretien a \u00e9t\u00e9 l&rsquo;occasion de mettre l&rsquo;accent sur les relations particuli\u00e8res d\u2019amiti\u00e9 et de fraternit\u00e9 entre les deux pays.<br \/>\u00a0<\/p>\n<p>Auteur: elmoudjahid<br \/>\n<a href=\"http:\/\/www.elmoudjahid.com\/fr\/actualites\/136343\">Cliquez ici pour lire l&rsquo;article depuis sa source.<\/a><\/p>\n","protected":false},"excerpt":{"rendered":"<p>Le pr\u00e9sident de la R\u00e9publique B\u00e9ji Ca\u00efd Essebsi a re\u00e7u, hier, au palais de Carthage le ministre des Affaires \u00e9trang\u00e8res, Sabri Boukadoum, a indiqu\u00e9 l\u2019agence TAP. L&rsquo;entretien a \u00e9t\u00e9 l&rsquo;occasion de mettre l&rsquo;accent sur les relations particuli\u00e8res d\u2019amiti\u00e9 et de fraternit\u00e9 entre les deux pays.\u00a0 Auteur: elmoudjahid Cliquez ici pour lire l&rsquo;article depuis sa source.<\/p>\n","protected":false},"author":1744,"featured_media":0,"comment_status":"closed","ping_status":"closed","sticky":false,"template":"","format":"standard","meta":{"fifu_image_url":"","fifu_image_alt":"","footnotes":""},"categories":[73,53],"tags":[],"class_list":["post-30804","post","type-post","status-publish","format-standard","hentry","category-actualite","category-algerie"],"_links":{"self":[{"href":"https:\/\/linitiative.ca\/International\/wp-json\/wp\/v2\/posts\/30804","targetHints":{"allow":["GET"]}}],"collection":[{"href":"https:\/\/linitiative.ca\/International\/wp-json\/wp\/v2\/posts"}],"about":[{"href":"https:\/\/linitiative.ca\/International\/wp-json\/wp\/v2\/types\/post"}],"author":[{"embeddable":true,"href":"https:\/\/linitiative.ca\/International\/wp-json\/wp\/v2\/users\/1744"}],"replies":[{"embeddable":true,"href":"https:\/\/linitiative.ca\/International\/wp-json\/wp\/v2\/comments?post=30804"}],"version-history":[{"count":0,"href":"https:\/\/linitiative.ca\/International\/wp-json\/wp\/v2\/posts\/30804\/revisions"}],"wp:attachment":[{"href":"https:\/\/linitiative.ca\/International\/wp-json\/wp\/v2\/media?parent=30804"}],"wp:term":[{"taxonomy":"category","embeddable":true,"href":"https:\/\/linitiative.ca\/International\/wp-json\/wp\/v2\/categories?post=30804"},{"taxonomy":"post_tag","embeddable":true,"href":"https:\/\/linitiative.ca\/International\/wp-json\/wp\/v2\/tags?post=30804"}],"curies":[{"name":"wp","href":"https:\/\/api.w.org\/{rel}","templated":true}]}}