{"id":30805,"date":"2019-04-27T19:00:00","date_gmt":"2019-04-27T23:00:00","guid":{"rendered":"https:\/\/linitiative.ca\/International\/hopital-mere-enfant-de-ouargla-des-citoyens-revendiquent-une-meilleure-prise-en-charge\/"},"modified":"2019-04-27T19:00:00","modified_gmt":"2019-04-27T23:00:00","slug":"hopital-mere-enfant-de-ouargla-des-citoyens-revendiquent-une-meilleure-prise-en-charge","status":"publish","type":"post","link":"https:\/\/linitiative.ca\/International\/hopital-mere-enfant-de-ouargla-des-citoyens-revendiquent-une-meilleure-prise-en-charge\/","title":{"rendered":"Hopital m\u00e8re-enfant de Ouargla : Des citoyens revendiquent une meilleure prise en charge"},"content":{"rendered":"<p>Des dizaines de citoyens ont observ\u00e9 hier un sit-in de protestation devant l\u2019\u00e9tablissement public hospitalier\u00a0\u00a0 m\u00e8re-enfant pour revendiquer une meilleure prise en charge\u00a0\u00a0 m\u00e9dicale des patients, a-t-on constat\u00e9. Les contestataires ont hiss\u00e9 des slogans appelant \u00e0 l\u2019am\u00e9lioration de la\u00a0\u00a0 prise en charge m\u00e9dicale des femmes, enceintes et parturientes, au niveau de cet \u00e9tablissement hospitalier.\u00a0 Le directeur de l\u2019EPH-M\u00e8re-enfant de Ouargla, Brahim Guessoum, s\u2019est d\u00e9clar\u00e9 compr\u00e9hensif \u00e0 ces pr\u00e9occupations soulev\u00e9es par les protestataires, indiquant que \u00ab\u00a0ses services s\u2019emploient \u00e0 apporter les meilleures des\u00a0\u00a0 prestations m\u00e9dicales \u00e0 la satisfaction des malades pour assurer la bonne sant\u00e9 des m\u00e8res et leurs b\u00e9b\u00e9s\u00a0\u00bb<br \/>\u00a0<\/p>\n<p>Auteur: elmoudjahid<br \/>\n<a href=\"http:\/\/www.elmoudjahid.com\/fr\/actualites\/136344\">Cliquez ici pour lire l&rsquo;article depuis sa source.<\/a><\/p>\n","protected":false},"excerpt":{"rendered":"<p>Des dizaines de citoyens ont observ\u00e9 hier un sit-in de protestation devant l\u2019\u00e9tablissement public hospitalier\u00a0\u00a0 m\u00e8re-enfant pour revendiquer une meilleure prise en charge\u00a0\u00a0 m\u00e9dicale des patients, a-t-on constat\u00e9. Les contestataires ont hiss\u00e9 des slogans appelant \u00e0 l\u2019am\u00e9lioration de la\u00a0\u00a0 prise en charge m\u00e9dicale des femmes, enceintes et parturientes, au niveau de cet \u00e9tablissement hospitalier.\u00a0 Le [&hellip;]<\/p>\n","protected":false},"author":1744,"featured_media":0,"comment_status":"closed","ping_status":"closed","sticky":false,"template":"","format":"standard","meta":{"fifu_image_url":"","fifu_image_alt":"","footnotes":""},"categories":[73,53],"tags":[],"class_list":["post-30805","post","type-post","status-publish","format-standard","hentry","category-actualite","category-algerie"],"_links":{"self":[{"href":"https:\/\/linitiative.ca\/International\/wp-json\/wp\/v2\/posts\/30805","targetHints":{"allow":["GET"]}}],"collection":[{"href":"https:\/\/linitiative.ca\/International\/wp-json\/wp\/v2\/posts"}],"about":[{"href":"https:\/\/linitiative.ca\/International\/wp-json\/wp\/v2\/types\/post"}],"author":[{"embeddable":true,"href":"https:\/\/linitiative.ca\/International\/wp-json\/wp\/v2\/users\/1744"}],"replies":[{"embeddable":true,"href":"https:\/\/linitiative.ca\/International\/wp-json\/wp\/v2\/comments?post=30805"}],"version-history":[{"count":0,"href":"https:\/\/linitiative.ca\/International\/wp-json\/wp\/v2\/posts\/30805\/revisions"}],"wp:attachment":[{"href":"https:\/\/linitiative.ca\/International\/wp-json\/wp\/v2\/media?parent=30805"}],"wp:term":[{"taxonomy":"category","embeddable":true,"href":"https:\/\/linitiative.ca\/International\/wp-json\/wp\/v2\/categories?post=30805"},{"taxonomy":"post_tag","embeddable":true,"href":"https:\/\/linitiative.ca\/International\/wp-json\/wp\/v2\/tags?post=30805"}],"curies":[{"name":"wp","href":"https:\/\/api.w.org\/{rel}","templated":true}]}}