{"id":30806,"date":"2019-04-27T19:00:00","date_gmt":"2019-04-27T23:00:00","guid":{"rendered":"https:\/\/linitiative.ca\/International\/m-melzi-demis-de-ses-fonctions-de-pdg-de-la-sih\/"},"modified":"2019-04-27T19:00:00","modified_gmt":"2019-04-27T23:00:00","slug":"m-melzi-demis-de-ses-fonctions-de-pdg-de-la-sih","status":"publish","type":"post","link":"https:\/\/linitiative.ca\/International\/m-melzi-demis-de-ses-fonctions-de-pdg-de-la-sih\/","title":{"rendered":"M. Melzi,  d\u00e9mis  de ses fonctions  de PDG  de la SIH"},"content":{"rendered":"<p>M. Hamid Melzi a \u00e9t\u00e9 d\u00e9mis de ses fonctions de PDG de la Soci\u00e9t\u00e9 d&rsquo;investissements h\u00f4teliers (SIH \/Spa), a rapport\u00e9 samedi l&rsquo;Entreprise publique de la t\u00e9l\u00e9vision (EPTV). \u00ab\u00a0Il a \u00e9t\u00e9 mis fin aux fonctions de M. Hamid Melzi en qualit\u00e9 de Pr\u00e9sident-directeur g\u00e9n\u00e9ral de la Soci\u00e9t\u00e9 d&rsquo;investissements h\u00f4teliers (SIH\/Spa)\u00a0\u00bb.a<br \/>\u00a0<\/p>\n<p>Auteur: elmoudjahid<br \/>\n<a href=\"http:\/\/www.elmoudjahid.com\/fr\/actualites\/136345\">Cliquez ici pour lire l&rsquo;article depuis sa source.<\/a><\/p>\n","protected":false},"excerpt":{"rendered":"<p>M. Hamid Melzi a \u00e9t\u00e9 d\u00e9mis de ses fonctions de PDG de la Soci\u00e9t\u00e9 d&rsquo;investissements h\u00f4teliers (SIH \/Spa), a rapport\u00e9 samedi l&rsquo;Entreprise publique de la t\u00e9l\u00e9vision (EPTV). \u00ab\u00a0Il a \u00e9t\u00e9 mis fin aux fonctions de M. Hamid Melzi en qualit\u00e9 de Pr\u00e9sident-directeur g\u00e9n\u00e9ral de la Soci\u00e9t\u00e9 d&rsquo;investissements h\u00f4teliers (SIH\/Spa)\u00a0\u00bb.a\u00a0 Auteur: elmoudjahid Cliquez ici pour lire [&hellip;]<\/p>\n","protected":false},"author":1744,"featured_media":0,"comment_status":"closed","ping_status":"closed","sticky":false,"template":"","format":"standard","meta":{"fifu_image_url":"","fifu_image_alt":"","footnotes":""},"categories":[73,53],"tags":[],"class_list":["post-30806","post","type-post","status-publish","format-standard","hentry","category-actualite","category-algerie"],"_links":{"self":[{"href":"https:\/\/linitiative.ca\/International\/wp-json\/wp\/v2\/posts\/30806","targetHints":{"allow":["GET"]}}],"collection":[{"href":"https:\/\/linitiative.ca\/International\/wp-json\/wp\/v2\/posts"}],"about":[{"href":"https:\/\/linitiative.ca\/International\/wp-json\/wp\/v2\/types\/post"}],"author":[{"embeddable":true,"href":"https:\/\/linitiative.ca\/International\/wp-json\/wp\/v2\/users\/1744"}],"replies":[{"embeddable":true,"href":"https:\/\/linitiative.ca\/International\/wp-json\/wp\/v2\/comments?post=30806"}],"version-history":[{"count":0,"href":"https:\/\/linitiative.ca\/International\/wp-json\/wp\/v2\/posts\/30806\/revisions"}],"wp:attachment":[{"href":"https:\/\/linitiative.ca\/International\/wp-json\/wp\/v2\/media?parent=30806"}],"wp:term":[{"taxonomy":"category","embeddable":true,"href":"https:\/\/linitiative.ca\/International\/wp-json\/wp\/v2\/categories?post=30806"},{"taxonomy":"post_tag","embeddable":true,"href":"https:\/\/linitiative.ca\/International\/wp-json\/wp\/v2\/tags?post=30806"}],"curies":[{"name":"wp","href":"https:\/\/api.w.org\/{rel}","templated":true}]}}