{"id":30813,"date":"2019-04-28T14:05:50","date_gmt":"2019-04-28T18:05:50","guid":{"rendered":"https:\/\/linitiative.ca\/International\/88754-kempo-mondial-2019-3e-place-pour-l-algerie-avec-50-medailles\/"},"modified":"2019-04-28T14:05:50","modified_gmt":"2019-04-28T18:05:50","slug":"88754-kempo-mondial-2019-3e-place-pour-l-algerie-avec-50-medailles","status":"publish","type":"post","link":"https:\/\/linitiative.ca\/International\/88754-kempo-mondial-2019-3e-place-pour-l-algerie-avec-50-medailles\/","title":{"rendered":"Kempo-Mondial 2019: 3e place pour l&rsquo;Alg\u00e9rie avec 50 m\u00e9dailles"},"content":{"rendered":"<div>\n<div class=\"K2FeedImage\"><img decoding=\"async\" src=\"http:\/\/www.aps.dz\/media\/k2\/items\/cache\/a6f8e78348ee29a9004fc794bba7a70c_S.jpg\" alt=\"Kempo-Mondial 2019: 3e place pour l'Alg\u00e9rie avec 50 m\u00e9dailles\"><\/div>\n<div class=\"K2FeedIntroText\">\n<p><strong>ALGER &#8211; La s\u00e9lection alg\u00e9rienne de kempo s&rsquo;est class\u00e9e \u00e0 la 3e place du\u00a0 16e Championnat du monde en Espagne (25-27 avril) en d\u00e9crochant un total de 50 m\u00e9dailles (11 or, 22 argent et 17 bronze), derri\u00e8re respectivement la Roumanie, sacr\u00e9e du titre mondial et l&rsquo;Espagne (2e), dans une comp\u00e9tition \u00e0 laquelle ont pris part 33 pays.<\/strong><\/p>\n<\/div>\n<div class=\"K2FeedFullText\">\n<p>\u00ab\u00a0Nous sommes satisfaits de ces r\u00e9sultats positifs r\u00e9alis\u00e9s dans une comp\u00e9tition qui n&rsquo;a pas \u00e9t\u00e9 facile aux c\u00f4t\u00e9s de grandes nations. Nous avons constat\u00e9 que le niveau ne cesse de\u00a0 s&rsquo;am\u00e9liorer d&rsquo;une ann\u00e9e \u00e0 l&rsquo;autre, notamment chez les athl\u00e8tes russes, hongrois et kazakhs qui donnent une grande importance \u00e0 la formation et au suivi des jeunes talents\u00a0\u00bb, a d\u00e9clar\u00e9 dimanche \u00e0 l&rsquo;APS, le pr\u00e9sident de la F\u00e9d\u00e9ration alg\u00e9rienne de kempo, Hicham Ouhlima.<\/p>\n<blockquote>\n<p><em><strong>\u00ab\u00a0Ces trois nations ont align\u00e9 de jeunes talents qui ont r\u00e9ussi \u00e0 imposer leur supr\u00e9matie, m\u00eame la s\u00e9lection alg\u00e9rienne a engag\u00e9 des jeunes de moins de 21 ans dont Malak Day Touba (19 ans) qui a d\u00e9croch\u00e9 deux m\u00e9dailles d&rsquo;or dans les sp\u00e9cialit\u00e9s de semi-kempo et full-kempo\u00a0\u00bb, a ajout\u00e9 le pr\u00e9sident de l&rsquo;instance alg\u00e9rienne, en soulignant que les athl\u00e8tes alg\u00e9riens ont fait l&rsquo;objet, lors des finales, d&rsquo;une \u00ab\u00a0injustice flagrante\u00a0\u00bb de la part d&rsquo;arbitres europ\u00e9ens, les privant de l&rsquo;or \u00e0 l&rsquo;instar de Fay\u00e7al Chennah.<\/strong><\/em><\/p>\n<\/blockquote>\n<p>\u00ab\u00a0On a pu r\u00e9cup\u00e9rer d&rsquo;autres m\u00e9dailles suite aux recours pr\u00e9sent\u00e9s par la d\u00e9l\u00e9gation alg\u00e9rienne\u00a0\u00bb, selon la m\u00eame source.<\/p>\n<hr>\n<h3>Lire aussi:\u00a0<a href=\"http:\/\/www.aps.dz\/sport\/88595-kempo-mondial-2019-19-athletes-algeriens-en-espagne-pour-une-place-parmi-les-premiers\" target=\"_blank\" rel=\"noopener noreferrer\">Kempo\/Mondial 2019: l&rsquo;Alg\u00e9rie pour une place parmi les premiers<\/a><\/h3>\n<hr>\n<p>En marge des comp\u00e9titions, s&rsquo;est d\u00e9roul\u00e9e l&rsquo;Assembl\u00e9e g\u00e9n\u00e9rale de la F\u00e9d\u00e9ration internationale de kempo qui a choisi la Tunisie pour organiser le Championnat du monde-2020, aux d\u00e9pens de la Slovaquie et du Mexique.<\/p>\n<p>Par ailleurs, Hicham Ouhlima a pris part au Championnat du monde espagnol en qualit\u00e9 d&rsquo;arbitre dans les sp\u00e9cialit\u00e9s de knock-down et full-contact.<\/p>\n<p>L&rsquo;Alg\u00e9rie a particip\u00e9 \u00e0 la comp\u00e9tition avec 19 athl\u00e8tes dans les deux sexes, visant le maximum de m\u00e9dailles et une place sur le podium, selon les pr\u00e9visions de la F\u00e9d\u00e9ration alg\u00e9rienne de la discipline.<\/p>\n<p>\u00a0<\/p>\n<p><strong>Les athl\u00e8tes sacr\u00e9s en or:<\/strong><\/p>\n<p>Bahdja Manal Belacel (-65 kg) avec 3 m\u00e9dailles (knock-down, full-kempo et semi-kempo), Day Touba Malak (- 55 kg) avec 2 m\u00e9dailles (semi-kempo et full-kempo), Yasmine Keffane (-60 kg) avec 2 m\u00e9dailles (submition et semi-kempo), Ahmed Ch\u00e9riqi (-95 kg) avec 1 m\u00e9daille (full-kempo), Fay\u00e7al Chennah (-90 kg) avec 1 m\u00e9daille (full-kempo), Brahim Benaidja avec 1 m\u00e9daille (kata, knock-down) et Khaled Bouaziz avec 1 m\u00e9daille (kata, full-kempo).<\/p>\n<\/div>\n<p><img loading=\"lazy\" decoding=\"async\" src=\"http:\/\/feeds.feedburner.com\/~r\/aps-sport\/~4\/-ByzEu1ZrF8\" height=\"1\" width=\"1\" alt=\"\"><\/div>\n<p>Auteur:<br \/>\n<a href=\"http:\/\/www.aps.dz\/sport\/88754-kempo-mondial-2019-3e-place-pour-l-algerie-avec-50-medailles?utm_source=feedburner&#038;utm_medium=feed&#038;utm_campaign=Feed%3A+aps-sport+%28APS+-+SPORT%29\">Cliquez ici pour lire l&rsquo;article depuis sa source.<\/a><\/p>\n","protected":false},"excerpt":{"rendered":"<p>ALGER &#8211; La s\u00e9lection alg\u00e9rienne de kempo s&rsquo;est class\u00e9e \u00e0 la 3e place du\u00a0 16e Championnat du monde en Espagne (25-27 avril) en d\u00e9crochant un total de 50 m\u00e9dailles (11 or, 22 argent et 17 bronze), derri\u00e8re respectivement la Roumanie, sacr\u00e9e du titre mondial et l&rsquo;Espagne (2e), dans une comp\u00e9tition \u00e0 laquelle ont pris part [&hellip;]<\/p>\n","protected":false},"author":1790,"featured_media":30814,"comment_status":"closed","ping_status":"closed","sticky":false,"template":"","format":"standard","meta":{"fifu_image_url":"","fifu_image_alt":"","footnotes":""},"categories":[53,75],"tags":[],"class_list":["post-30813","post","type-post","status-publish","format-standard","has-post-thumbnail","hentry","category-algerie","category-sport"],"_links":{"self":[{"href":"https:\/\/linitiative.ca\/International\/wp-json\/wp\/v2\/posts\/30813","targetHints":{"allow":["GET"]}}],"collection":[{"href":"https:\/\/linitiative.ca\/International\/wp-json\/wp\/v2\/posts"}],"about":[{"href":"https:\/\/linitiative.ca\/International\/wp-json\/wp\/v2\/types\/post"}],"author":[{"embeddable":true,"href":"https:\/\/linitiative.ca\/International\/wp-json\/wp\/v2\/users\/1790"}],"replies":[{"embeddable":true,"href":"https:\/\/linitiative.ca\/International\/wp-json\/wp\/v2\/comments?post=30813"}],"version-history":[{"count":0,"href":"https:\/\/linitiative.ca\/International\/wp-json\/wp\/v2\/posts\/30813\/revisions"}],"wp:featuredmedia":[{"embeddable":true,"href":"https:\/\/linitiative.ca\/International\/wp-json\/"}],"wp:attachment":[{"href":"https:\/\/linitiative.ca\/International\/wp-json\/wp\/v2\/media?parent=30813"}],"wp:term":[{"taxonomy":"category","embeddable":true,"href":"https:\/\/linitiative.ca\/International\/wp-json\/wp\/v2\/categories?post=30813"},{"taxonomy":"post_tag","embeddable":true,"href":"https:\/\/linitiative.ca\/International\/wp-json\/wp\/v2\/tags?post=30813"}],"curies":[{"name":"wp","href":"https:\/\/api.w.org\/{rel}","templated":true}]}}