{"id":30830,"date":"2019-04-28T05:00:55","date_gmt":"2019-04-28T09:00:55","guid":{"rendered":"https:\/\/linitiative.ca\/International\/oran-portes-ouvertes-sur-luniversite\/"},"modified":"2019-04-28T05:00:55","modified_gmt":"2019-04-28T09:00:55","slug":"oran-portes-ouvertes-sur-luniversite","status":"publish","type":"post","link":"https:\/\/linitiative.ca\/International\/oran-portes-ouvertes-sur-luniversite\/","title":{"rendered":"Oran :\u00a0Portes ouvertes sur l\u2019universit\u00e9\u00a0"},"content":{"rendered":"<h4 class=\"title-14\"\/>\n<p class=\"p4\"><span class=\"s4\"><strong>A<\/strong><\/span><span class=\"s3\">fin d\u2019informer les candidats au bac 2018\/2019 sur les perspectives d\u2019orientation et de d\u00e9bouch\u00e9s existants dans les diff\u00e9rents \u00e9tablissements universitaires, des portes-ouvertes seront organis\u00e9es les 29 et 30 avril par l\u2019universit\u00e9 d\u2019Oran 1 Ahmed Ben Bella.<\/span><\/p>\n<p class=\"p4\"><span class=\"s3\">Le charg\u00e9 de communication de cette universit\u00e9 a indiqu\u00e9 que c\u2019est une occasion pour les futurs bacheliers de mieux s\u2019informer des m\u00e9thodes d\u2019inscription dans les universit\u00e9s, des sp\u00e9cialit\u00e9s disponibles. C\u2019est une approche qui permettra d\u2019\u00e9viter les erreurs d\u2019orientation et de porter les correctifs n\u00e9cessaires pour le fl\u00e9au de la d\u00e9perdition des \u00e9tudiants qui co\u00fbte de l\u2019argent \u00e0 l\u2019Etat.<\/span><\/p>\n<p class=\"p4\"><span class=\"s3\">Le but de cette manifestation, qui aura pour cadre le campus Taleb Mourad Salim, est de cerner les intentions des candidats au bac et de leur procurer toutes les informations relatives au syst\u00e8me d\u2019orientation, aux sp\u00e9cialit\u00e9s scientifiques disponibles, aux modalit\u00e9s d\u2019inscription, au contenu de la formation et \u00e0 tout ce qui a trait aux m\u00e9canismes d\u2019inscription \u00e0 l\u2019universit\u00e9, tout en les accompagnant pour la construction de leurs propres projets d\u2019orientation.<\/span><\/p>\n<p class=\"p4\"><span class=\"s3\">La direction de l\u2019\u00e9ducation d\u2019Oran a recens\u00e9 22 117 candidats aux \u00e9preuves du baccalaur\u00e9at de la session 2018\/2019. Par ailleurs, il est pr\u00e9vu l\u2019organisation d\u2019une semaine d\u2019information dans toutes les universit\u00e9s du pays apr\u00e8s la proclamation des r\u00e9sultats du baccalaur\u00e9at 2019.<\/span><\/p>\n<p class=\"p4\"><span class=\"s3\">Le but \u00e9tant d\u2019accompagner les \u00e9l\u00e8ves dans leurs inscriptions et leur fournir d\u2019amples informations, notamment en ce qui concerne l\u2019inscription \u00e0 distance. Pour rappel, pr\u00e8s de 5 000 postes p\u00e9dagogiques ont \u00e9t\u00e9 ouverts par l\u2019universit\u00e9 d\u2019Oran Ahmed Ben Bella 1 au titre de l\u2019ann\u00e9e universitaire 2018\/2019.<span class=\"Apple-converted-space\">\u00a0 \u00a0 \u00a0\u00a0<\/span><\/span><\/p>\n<div class=\"yuzo_related_post style-1\" data-version=\"5.12.88\">\n<p><h3>Related Post<\/h3>\n<\/p>\n<div class=\"yuzo_wraps\">\n<div class=\"relatedthumb relatedpost-573993 c10\"><a href=\"https:\/\/www.elwatan.com\/regions\/ouest\/oran\/apres-laccident-du-bus-la-radieuse-a-rendu-visite-aux-supporters-du-mco-blesses-2-27-04-2019\"\/><\/p>\n<p><span class=\"yuzo__text--title c9\">Apr\u00e8s l\u2019accident du bus :\u00a0La Radieuse a rendu visi&#8230;<\/span><\/div>\n<div class=\"relatedthumb relatedpost-564771 c10\"><a href=\"https:\/\/www.elwatan.com\/regions\/est\/constantine\/empietement-sur-la-voie-publique-19-03-2019\"\/><\/p>\n<p><span class=\"yuzo__text--title c9\">Empi\u00e9tement sur la voie publique<\/span><\/div>\n<div class=\"relatedthumb relatedpost-575370 c10\"><a href=\"https:\/\/www.elwatan.com\/regions\/ouest\/bel-abes\/sidi-bel-abbes-un-entrepreneur-et-des-fonctionnaires-ecroues-pour-falsification-de-documents-28-04-2019\"\/><\/p>\n<p><span class=\"yuzo__text--title c9\">Sidi Bel Abb\u00e8s : Un entrepreneur et des fonctionna&#8230;<\/span><\/div>\n<\/div>\n<\/div>\n<p><span class=\"post-views-label\">Post Views:<\/span> <span class=\"post-views-count\">32<\/span><\/p>\n<p>Auteur: Anis Khecheba<br \/>\n<a href=\"https:\/\/www.elwatan.com\/regions\/ouest\/oran\/oran-portes-ouvertes-sur-luniversite-28-04-2019\">Cliquez ici pour lire l&rsquo;article depuis sa source.<\/a><\/p>\n","protected":false},"excerpt":{"rendered":"<p>Afin d\u2019informer les candidats au bac 2018\/2019 sur les perspectives d\u2019orientation et de d\u00e9bouch\u00e9s existants dans les diff\u00e9rents \u00e9tablissements universitaires, des portes-ouvertes seront organis\u00e9es les 29 et 30 avril par l\u2019universit\u00e9 d\u2019Oran 1 Ahmed Ben Bella. Le charg\u00e9 de communication de cette universit\u00e9 a indiqu\u00e9 que c\u2019est une occasion pour les futurs bacheliers de mieux [&hellip;]<\/p>\n","protected":false},"author":1743,"featured_media":0,"comment_status":"closed","ping_status":"closed","sticky":false,"template":"","format":"standard","meta":{"fifu_image_url":"","fifu_image_alt":"","footnotes":""},"categories":[73,53],"tags":[],"class_list":["post-30830","post","type-post","status-publish","format-standard","hentry","category-actualite","category-algerie"],"_links":{"self":[{"href":"https:\/\/linitiative.ca\/International\/wp-json\/wp\/v2\/posts\/30830","targetHints":{"allow":["GET"]}}],"collection":[{"href":"https:\/\/linitiative.ca\/International\/wp-json\/wp\/v2\/posts"}],"about":[{"href":"https:\/\/linitiative.ca\/International\/wp-json\/wp\/v2\/types\/post"}],"author":[{"embeddable":true,"href":"https:\/\/linitiative.ca\/International\/wp-json\/wp\/v2\/users\/1743"}],"replies":[{"embeddable":true,"href":"https:\/\/linitiative.ca\/International\/wp-json\/wp\/v2\/comments?post=30830"}],"version-history":[{"count":0,"href":"https:\/\/linitiative.ca\/International\/wp-json\/wp\/v2\/posts\/30830\/revisions"}],"wp:attachment":[{"href":"https:\/\/linitiative.ca\/International\/wp-json\/wp\/v2\/media?parent=30830"}],"wp:term":[{"taxonomy":"category","embeddable":true,"href":"https:\/\/linitiative.ca\/International\/wp-json\/wp\/v2\/categories?post=30830"},{"taxonomy":"post_tag","embeddable":true,"href":"https:\/\/linitiative.ca\/International\/wp-json\/wp\/v2\/tags?post=30830"}],"curies":[{"name":"wp","href":"https:\/\/api.w.org\/{rel}","templated":true}]}}