{"id":30844,"date":"2019-04-27T15:09:00","date_gmt":"2019-04-27T19:09:00","guid":{"rendered":"https:\/\/linitiative.ca\/International\/mohamed-adel-chehida-tragedies-annoncees-de-la-femme-ouvriere-agricole\/"},"modified":"2019-04-27T15:09:00","modified_gmt":"2019-04-27T19:09:00","slug":"mohamed-adel-chehida-tragedies-annoncees-de-la-femme-ouvriere-agricole","status":"publish","type":"post","link":"https:\/\/linitiative.ca\/International\/mohamed-adel-chehida-tragedies-annoncees-de-la-femme-ouvriere-agricole\/","title":{"rendered":"Mohamed Adel Chehida: Trag\u00e9dies annonc\u00e9es de la femme ouvri\u00e8re agricole"},"content":{"rendered":"<p><img decoding=\"async\" src=\"\/uploads\/FCK_files\/Mohamed-Adel-Chehida(11).jpg\" alt=\"\" width=\"25%\" vspace=\"5\" hspace=\"5\" align=\"left\"\/>Un \u00e9t\u00e9 mon \u00e9pouse et moi avions invit\u00e9e une coll\u00e8gue \u00e0 visiter notre beau pays. Elle \u00e9tait f\u00e9rue d\u2019arch\u00e9ologie. Nous lui avions fait visiter Douga, Sbeitla, Makthar, Bulla Regia\u2026un soir \u00e0 Hammamet n\u2019en pouvant plus, elle m\u2019a regard\u00e9 avec g\u00e8ne et elle m\u2019a dit, nous avons fait des centaines de kilom\u00e8tres, travers\u00e9 bien des champs et des villages, et \u00e0 chaque fois c\u2019est le m\u00eame spectacle, les caf\u00e9s sont pleins \u00e0 craquer d\u2019hommes et les femmes pli\u00e9es en deux dans les champs, peux-tu m\u2019expliquer ce qui se passe ? Je n\u2019ai pas su r\u00e9pondre !<\/p>\n<p>Des femmes meurent en silence \u00e0 Ragada, Sabala, Zaghouan, Bouargoub, Sidi Bouzid, la liste est longue. Nous \u00e9coutons les infos, nous surfons sur FB indiff\u00e9rents comme si c\u2019\u00e9tait une fatalit\u00e9.<\/p>\n<p>Ce drame nous rappelle celui des 14 nouveaux n\u00e9s morts faute de n\u00e9gligences et non application de normes.<br \/>Nous continuons \u00e0 vivre de loin les trag\u00e9dies des travailleuses agricoles tunisiennes transport\u00e9es quotidiennement par des exploitants de fa\u00e7on indigne de la personne humaine. Entass\u00e9es derri\u00e8re dans des camionnettes ou sur des camions, dont les c\u00f4tes sur\u00e9lev\u00e9es on leur demande de rester accroupies pour ne pas glisser et dans les plaines on les cache pour \u00e9viter les contr\u00f4les de police ou de la garde nationale quand ils ne sont pas complices.<\/p>\n<p>Voil\u00e0 que le drame continue, des corps des femmes d\u00e9c\u00e9d\u00e9es ou bless\u00e9es \u00e9parpill\u00e9s sur les routes goudronn\u00e9es ou non. Hier 12 d\u00e9c\u00e8s \u00e0 Sidi Bouzid ,7 femmes et 21 bless\u00e9es. Ces femmes ouvri\u00e8res, m\u00e8res de familles souvent exploit\u00e9es, travaillant dans le secteur agricole \u00e0 bas prix, faisant une double fonction m\u00e8re de famille et de principale source d\u2019argent avec un salaire journalier mis\u00e9rable sont dignes et respectables. Souvent les travaux qu\u2019elles font, sont durs, elles doivent commencer le matin tr\u00e8s t\u00f4t.<br \/>Quant aux promesses de couverture sociale et de majoration de salaire promises, elles les font \u00e0 peine sourire, tant elles sont ridicules. La femme, comme d\u2019autres sujets dits \u00ab porteurs \u00bb m\u00e9diatiquement sont exploit\u00e9s jusqu\u2019\u00e0 l\u2019usure. C\u2019est le r\u00e8gne des slogans et des promesses.\u00a0<\/p>\n<p>Le 8 mars dernier, un conseil des ministres pr\u00e9sid\u00e9 par Mr Youssef Chahed a promis de mesures sp\u00e9ciales pour permettre aux transports publics d\u2019avoir acc\u00e8s \u00e0 des parcours agricoles et autres. Un autre a promis la couverture sociale \u00e0 des centaines de milliers d\u2019ouvri\u00e8res agricoles sans pr\u00e9ciser d\u2019o\u00f9 proviendra le financement de ces mesures. En attendant l\u2019application de ces promesses pr\u00e9 \u00e9lectorales, une application rigoureuse et ferme de la loi par nos agents de police et de la garde nationale aurait pu sauver plusieurs vies. A titre de rappel une camionnette type Isuzu ne peut transporter que trois personnes autrement l\u2019assurance ne couvre pas\u2026<\/p>\n<p>Plus choquant la d\u00e9claration d\u2019abord d\u2019une de nos ex secr\u00e9taires d\u2019Etat qui publie sur son mur FB une explication de la trag\u00e9die, pour elle il s\u2019agit d\u2019une fatalit\u00e9, pire encore elle \u00e9voque la question de cout et productivit\u00e9, certain agissements \u00ab inacceptables \u00bb deviendraient acceptables pour elle. Le nombre \u00e9lev\u00e9 de \u00ab morts sur les lieux de travail \u00bb serait n\u00e9cessaire \u00e0 la survie de notre syst\u00e8me agricole !!! Culot\u00e9e comme approche. Je n\u2019arriverai jamais \u00e0 dig\u00e9rer cette fa\u00e7on de raisonner. Et puis cette d\u00e9claration de Mme la ministre de la femme, de l\u2019enfance Naziha Labidi ce samdi sur les ondes de radio Express Fm o\u00f9 elle accuse le conducteur de la voiture et annonce que depuis septembre 2018 il y a d\u00e9j\u00e0 une circulaire mais malheureusement elle n\u2019est pas \u00e9t\u00e9 appliqu\u00e9e. Ces d\u00e9clarations d\u2019un haut responsable de l\u2019Etat sont inadmissibles. Pourtant Mme Neila Chaabene ancienne secr\u00e9taire d\u2019\u00c9tat \u00e0 la femme de 2014 \u00e0 2015 s\u2019\u00e9tait s\u00e9rieusement pench\u00e9e sur ce sujet, des mesures avaient \u00e9t\u00e9 adopt\u00e9es en conseil des minsitres\u2026Mais depuis il y a eu le fameux GUN, le consensus et la fameuse politique de stabilit\u00e9 qui nous ont men\u00e9 l\u00e0 o\u00f9 nous sommes.<\/p>\n<p>Alors qu\u2019onne\u00a0 vienne pas se gargariser de mots pompeux et de discours creux le soir \u00e0 la t\u00e9l\u00e9vision, la r\u00e9alit\u00e9 quotidienne est sombre. On ne peut plus se cacher derri\u00e8re des excuses ou on assume totalement la responsabilit\u00e9 ou on laisse la place \u00e0 d\u2019autres. Nous avons assez entendu c\u2019est de la faute des autres. En politique seuls les r\u00e9sultats comptent et malheureusement apr\u00e8s plus de quatre ans et demi d\u2019exercice ils se font encore attendre.<\/p>\n<p class=\"c2\"><strong>Mohamed Adel Chehida<\/strong><br \/>\u00a0<\/p>\n<p>Auteur:<br \/>\n<a href=\"https:\/\/www.leaders.com.tn\/article\/26986-mohamed-adel-chehida-tragedies-annoncees-de-la-femme-ouvriere-agricole\">Cliquez ici pour lire l&rsquo;article depuis sa source.<\/a><\/p>\n","protected":false},"excerpt":{"rendered":"<p>Un \u00e9t\u00e9 mon \u00e9pouse et moi avions invit\u00e9e une coll\u00e8gue \u00e0 visiter notre beau pays. Elle \u00e9tait f\u00e9rue d\u2019arch\u00e9ologie. Nous lui avions fait visiter Douga, Sbeitla, Makthar, Bulla Regia\u2026un soir \u00e0 Hammamet n\u2019en pouvant plus, elle m\u2019a regard\u00e9 avec g\u00e8ne et elle m\u2019a dit, nous avons fait des centaines de kilom\u00e8tres, travers\u00e9 bien des champs [&hellip;]<\/p>\n","protected":false},"author":1772,"featured_media":30845,"comment_status":"closed","ping_status":"closed","sticky":false,"template":"","format":"standard","meta":{"fifu_image_url":"","fifu_image_alt":"","footnotes":""},"categories":[73,55],"tags":[],"class_list":["post-30844","post","type-post","status-publish","format-standard","has-post-thumbnail","hentry","category-actualite","category-tunisie"],"_links":{"self":[{"href":"https:\/\/linitiative.ca\/International\/wp-json\/wp\/v2\/posts\/30844","targetHints":{"allow":["GET"]}}],"collection":[{"href":"https:\/\/linitiative.ca\/International\/wp-json\/wp\/v2\/posts"}],"about":[{"href":"https:\/\/linitiative.ca\/International\/wp-json\/wp\/v2\/types\/post"}],"author":[{"embeddable":true,"href":"https:\/\/linitiative.ca\/International\/wp-json\/wp\/v2\/users\/1772"}],"replies":[{"embeddable":true,"href":"https:\/\/linitiative.ca\/International\/wp-json\/wp\/v2\/comments?post=30844"}],"version-history":[{"count":0,"href":"https:\/\/linitiative.ca\/International\/wp-json\/wp\/v2\/posts\/30844\/revisions"}],"wp:featuredmedia":[{"embeddable":true,"href":"https:\/\/linitiative.ca\/International\/wp-json\/"}],"wp:attachment":[{"href":"https:\/\/linitiative.ca\/International\/wp-json\/wp\/v2\/media?parent=30844"}],"wp:term":[{"taxonomy":"category","embeddable":true,"href":"https:\/\/linitiative.ca\/International\/wp-json\/wp\/v2\/categories?post=30844"},{"taxonomy":"post_tag","embeddable":true,"href":"https:\/\/linitiative.ca\/International\/wp-json\/wp\/v2\/tags?post=30844"}],"curies":[{"name":"wp","href":"https:\/\/api.w.org\/{rel}","templated":true}]}}