{"id":30857,"date":"2019-04-28T06:00:00","date_gmt":"2019-04-28T10:00:00","guid":{"rendered":"https:\/\/linitiative.ca\/International\/le-ministre-accuse-la-demission-des-responsables\/"},"modified":"2019-04-28T06:00:00","modified_gmt":"2019-04-28T10:00:00","slug":"le-ministre-accuse-la-demission-des-responsables","status":"publish","type":"post","link":"https:\/\/linitiative.ca\/International\/le-ministre-accuse-la-demission-des-responsables\/","title":{"rendered":"Le ministre accuse la \u00abd\u00e9mission\u00bb des responsables"},"content":{"rendered":"<div class=\"picture\"><img class=\"lazy\" data-original=\"\/data\/images\/article\/thumbs\/d-le-ministre-accuse-la-demission-des-responsables-7165a.jpg\"\/>\n<\/div>\n<p>Le ministre des Travaux publics et des Transports s\u2019est montr\u00e9 outr\u00e9 quant aux \u00e9quipements de son secteur rest\u00e9s stock\u00e9s depuis des ann\u00e9es. \u00abNous avons acquis beaucoup d\u2019\u00e9quipements mais malheureusement, 80% de ce mat\u00e9riel est non exploit\u00e9. Nous avons fait du stockage d\u2019\u00e9quipement\u00bb, d\u00e9plore-t-il.<br \/>Selon lui, malgr\u00e9 la disponibilit\u00e9 des \u00e9quipements dans les directions de son secteur \u00e0 travers tout le territoire national, la n\u00e9gligence et les faibles r\u00e9sultats restent de mise. \u00abDans les grandes villes, la situation est catastrophique, notamment concernant la r\u00e9fection des routes et la signalisation routi\u00e8re\u00bb, dit-il. D\u2019un doigt accusateur, il pointe les responsables du secteur qui \u00abne quittent pas leurs bureaux\u00bb. Mustapha Kouraba reconna\u00eet ainsi, le dysfonctionnement qui s\u00e9vit dans la poursuite des projets. \u00abDes projets \u00e0 des milliards ne se g\u00e8rent pas \u00e0 partir des bureaux. Les responsables doivent se rendre sur les chantiers. Pas uniquement eux, tous les travailleurs des directions doivent s\u2019y rendre\u00bb, mart\u00e8le-t-il. Pr\u00e9sidant hier, une r\u00e9union avec les directeurs des travaux publics et les directeurs des transports des wilayas, tenue \u00e0 Alger, le ministre du secteur a appel\u00e9 \u00e0 insister sur le suivi et le contr\u00f4le permanent des op\u00e9rations de r\u00e9alisation, et ce, \u00e0 travers la pr\u00e9sence permanente des responsables sur les chantiers. Il a \u00e9galement soulign\u00e9 la n\u00e9cessit\u00e9 d\u2019accorder de l\u2019importance \u00e0 la maintenance \u00e0 travers l\u2019utilisation des \u00e9quipements modernes afin d\u2019 \u00abassurer l\u2019efficience et la qualit\u00e9\u00bb, dit-il. Il cite, \u00e0 cet effet, le cas de l\u2019entretien courant du r\u00e9seau routier mais aussi la r\u00e9habilitation des panneaux de police et signalisation directionnelle ainsi que des glissi\u00e8res de s\u00e9curit\u00e9, cataphotes et balises. Mustapha Kouraba a annonc\u00e9, par ailleurs, la mise en place d\u2019un m\u00e9canisme au niveau de la direction centrale charg\u00e9 du suivi permanent de l\u2019efficience des mesures prises dans les wilayas et du niveau de r\u00e9alisation des objectifs escompt\u00e9s.<br \/>Ry. N.<\/p>\n<p>Auteur:<br \/>\n<a href=\"https:\/\/www.lesoirdalgerie.com\/actualites\/le-ministre-accuse-la-demission-des-responsables-23043\">Cliquez ici pour lire l&rsquo;article depuis sa source.<\/a><\/p>\n","protected":false},"excerpt":{"rendered":"<p>Le ministre des Travaux publics et des Transports s\u2019est montr\u00e9 outr\u00e9 quant aux \u00e9quipements de son secteur rest\u00e9s stock\u00e9s depuis des ann\u00e9es. \u00abNous avons acquis beaucoup d\u2019\u00e9quipements mais malheureusement, 80% de ce mat\u00e9riel est non exploit\u00e9. Nous avons fait du stockage d\u2019\u00e9quipement\u00bb, d\u00e9plore-t-il.Selon lui, malgr\u00e9 la disponibilit\u00e9 des \u00e9quipements dans les directions de son secteur [&hellip;]<\/p>\n","protected":false},"author":1741,"featured_media":0,"comment_status":"closed","ping_status":"closed","sticky":false,"template":"","format":"standard","meta":{"fifu_image_url":"","fifu_image_alt":"","footnotes":""},"categories":[73,53],"tags":[],"class_list":["post-30857","post","type-post","status-publish","format-standard","hentry","category-actualite","category-algerie"],"_links":{"self":[{"href":"https:\/\/linitiative.ca\/International\/wp-json\/wp\/v2\/posts\/30857","targetHints":{"allow":["GET"]}}],"collection":[{"href":"https:\/\/linitiative.ca\/International\/wp-json\/wp\/v2\/posts"}],"about":[{"href":"https:\/\/linitiative.ca\/International\/wp-json\/wp\/v2\/types\/post"}],"author":[{"embeddable":true,"href":"https:\/\/linitiative.ca\/International\/wp-json\/wp\/v2\/users\/1741"}],"replies":[{"embeddable":true,"href":"https:\/\/linitiative.ca\/International\/wp-json\/wp\/v2\/comments?post=30857"}],"version-history":[{"count":0,"href":"https:\/\/linitiative.ca\/International\/wp-json\/wp\/v2\/posts\/30857\/revisions"}],"wp:attachment":[{"href":"https:\/\/linitiative.ca\/International\/wp-json\/wp\/v2\/media?parent=30857"}],"wp:term":[{"taxonomy":"category","embeddable":true,"href":"https:\/\/linitiative.ca\/International\/wp-json\/wp\/v2\/categories?post=30857"},{"taxonomy":"post_tag","embeddable":true,"href":"https:\/\/linitiative.ca\/International\/wp-json\/wp\/v2\/tags?post=30857"}],"curies":[{"name":"wp","href":"https:\/\/api.w.org\/{rel}","templated":true}]}}