{"id":30859,"date":"2019-04-28T06:00:00","date_gmt":"2019-04-28T10:00:00","guid":{"rendered":"https:\/\/linitiative.ca\/International\/les-sites-archeologiques-sous-surveillance\/"},"modified":"2019-04-28T06:00:00","modified_gmt":"2019-04-28T10:00:00","slug":"les-sites-archeologiques-sous-surveillance","status":"publish","type":"post","link":"https:\/\/linitiative.ca\/International\/les-sites-archeologiques-sous-surveillance\/","title":{"rendered":"Les sites arch\u00e9ologiques sous surveillance"},"content":{"rendered":"<div readability=\"36.0132890365\"><a href=\"\/periscoop\/ammar-saadani-a-la-manoeuvre-22956\"\/><\/p>\n<div class=\"image\"><img class=\"lazy\" data-original=\"\/data\/images\/article\/thumbs\/ls-ammar-saadani-a-la-manoeuvre-d634a.jpg\"\/><\/p>\n<p><span>1<\/span><\/p>\n<\/div>\n<p class=\"type-date\"><span>P\u00e9riscoop<\/span> 11:00 | 27-04-2019<\/p>\n<h5 class=\"first-title\"><a href=\"\/periscoop\/ammar-saadani-a-la-manoeuvre-22956\"\/><\/h5>\n<h5 class=\"title\"><a href=\"\/periscoop\/ammar-saadani-a-la-manoeuvre-22956\">Ammar Sa\u00e2dani \u00e0 la man\u0153uvre<\/a><\/h5>\n<p><a href=\"\/periscoop\/ammar-saadani-a-la-manoeuvre-22956\"\/><\/p>\n<p class=\"text\">C\u2019est \u00e0 partir de l\u2019\u00e9tranger, o\u00f9 il se trouve depuis des mois, que l\u2019ancien secr\u00e9taire g\u00e9n\u00e9ral du FLN, Ammar Sa\u00e2dani, pilotait l\u2019op\u00e9ration de reprise du parti lors de la session extraordinaire du comit\u00e9 central. Selon des<\/p>\n<\/div>\n<div readability=\"33.9283018868\"><a href=\"\/periscoop\/une-affaire-de-famille-22834\"\/><\/p>\n<div class=\"image\"><img class=\"lazy\" data-original=\"\/data\/images\/article\/thumbs\/ls-22834une-affaire-de-famille-34b95.jpg\"\/><\/p>\n<p><span>2<\/span><\/p>\n<\/div>\n<p class=\"type-date\"><span>P\u00e9riscoop<\/span> 11:00 | 24-04-2019<\/p>\n<h5 class=\"first-title\"><a href=\"\/periscoop\/une-affaire-de-famille-22834\"\/><\/h5>\n<h5 class=\"title\"><a href=\"\/periscoop\/une-affaire-de-famille-22834\">Une affaire de famille<\/a><\/h5>\n<p><a href=\"\/periscoop\/une-affaire-de-famille-22834\"\/><\/p>\n<p class=\"text\">La Gendarmerie nationale enqu\u00eate depuis plusieurs jours sur le projet informatique SAP de la Sonatrach, qui a \u00e9t\u00e9 attribu\u00e9 dans d\u2019\u00e9tranges conditions \u00e0 un op\u00e9rateur chinois. Ce projet est g\u00e9r\u00e9 par la<\/p>\n<\/div>\n<p>Auteur:<br \/>\n<a href=\"https:\/\/www.lesoirdalgerie.com\/periscoop\/les-sites-archeologiques-sous-surveillance-23041\">Cliquez ici pour lire l&rsquo;article depuis sa source.<\/a><\/p>\n","protected":false},"excerpt":{"rendered":"<p>1 P\u00e9riscoop 11:00 | 27-04-2019 Ammar Sa\u00e2dani \u00e0 la man\u0153uvre C\u2019est \u00e0 partir de l\u2019\u00e9tranger, o\u00f9 il se trouve depuis des mois, que l\u2019ancien secr\u00e9taire g\u00e9n\u00e9ral du FLN, Ammar Sa\u00e2dani, pilotait l\u2019op\u00e9ration de reprise du parti lors de la session extraordinaire du comit\u00e9 central. Selon des 2 P\u00e9riscoop 11:00 | 24-04-2019 Une affaire de famille [&hellip;]<\/p>\n","protected":false},"author":1741,"featured_media":0,"comment_status":"closed","ping_status":"closed","sticky":false,"template":"","format":"standard","meta":{"fifu_image_url":"","fifu_image_alt":"","footnotes":""},"categories":[73,53],"tags":[],"class_list":["post-30859","post","type-post","status-publish","format-standard","hentry","category-actualite","category-algerie"],"_links":{"self":[{"href":"https:\/\/linitiative.ca\/International\/wp-json\/wp\/v2\/posts\/30859","targetHints":{"allow":["GET"]}}],"collection":[{"href":"https:\/\/linitiative.ca\/International\/wp-json\/wp\/v2\/posts"}],"about":[{"href":"https:\/\/linitiative.ca\/International\/wp-json\/wp\/v2\/types\/post"}],"author":[{"embeddable":true,"href":"https:\/\/linitiative.ca\/International\/wp-json\/wp\/v2\/users\/1741"}],"replies":[{"embeddable":true,"href":"https:\/\/linitiative.ca\/International\/wp-json\/wp\/v2\/comments?post=30859"}],"version-history":[{"count":0,"href":"https:\/\/linitiative.ca\/International\/wp-json\/wp\/v2\/posts\/30859\/revisions"}],"wp:attachment":[{"href":"https:\/\/linitiative.ca\/International\/wp-json\/wp\/v2\/media?parent=30859"}],"wp:term":[{"taxonomy":"category","embeddable":true,"href":"https:\/\/linitiative.ca\/International\/wp-json\/wp\/v2\/categories?post=30859"},{"taxonomy":"post_tag","embeddable":true,"href":"https:\/\/linitiative.ca\/International\/wp-json\/wp\/v2\/tags?post=30859"}],"curies":[{"name":"wp","href":"https:\/\/api.w.org\/{rel}","templated":true}]}}