{"id":30863,"date":"2019-04-28T13:42:39","date_gmt":"2019-04-28T17:42:39","guid":{"rendered":"https:\/\/linitiative.ca\/International\/est-blesse-hamdou-elhouni-forfait-contre-le-tp-mazembe\/"},"modified":"2019-04-28T13:42:39","modified_gmt":"2019-04-28T17:42:39","slug":"est-blesse-hamdou-elhouni-forfait-contre-le-tp-mazembe","status":"publish","type":"post","link":"https:\/\/linitiative.ca\/International\/est-blesse-hamdou-elhouni-forfait-contre-le-tp-mazembe\/","title":{"rendered":"EST : Bless\u00e9, Hamdou Elhouni forfait contre le TP Mazembe"},"content":{"rendered":"<div class=\"nc_socialPanel swp_flatFresh swp_d_fullColor swp_i_fullColor swp_o_fullColor scale-100 scale-fullWidth\" data-position=\"none\" data-float=\"floatNone\" data-count=\"5\" data-floatcolor=\"#ffffff\" data-emphasize=\"0\">\n<div class=\"nc_tweetContainer totes totesalt\" data-id=\"6\"><span class=\"swp_count\"><span class=\"swp_label\">Partages<\/span> 0<\/span><\/div>\n<\/div>\n<p><span>L\u2019international libyen de l\u2019<\/span><span>Esp\u00e9rance Sportive de Tunis\u00a0<\/span><span>Hamdou<\/span><span>\u00a0<\/span><span>Elhouni<\/span><span>\u00a0manquera officiellement la demi-finale retour de la<\/span><span>\u00a0Ligue des champions africaine<\/span><span>.<\/span><span>\u00a0<\/span><\/p>\n<p><span>Victime d\u2019une blessure hier en demi-finale aller face au\u00a0<\/span><span>TP Mazembe<\/span><span>,\u00a0<\/span><span>Elhouni<\/span><span>\u00a0a d\u00fb quitter ses co\u00e9quipiers en premi\u00e8re p\u00e9riode.<\/span><span>\u00a0<\/span><\/p>\n<div class=\"code-block code-block-1 c4\"><ins class=\"adsbygoogle c3\" data-ad-layout=\"in-article\" data-ad-format=\"fluid\" data-ad-client=\"ca-pub-2102118777505746\" data-ad-slot=\"7301775417\"\/> <\/div>\n<p><span>Cette blessure musculaire au genou n\u00e9cessitera deux semaines de repos avant de faire le retour sur le rectangle vert.<\/span><span>\u00a0<\/span><\/p>\n<p><span>L\u2019<\/span><span>Esp\u00e9rance de Tunis<\/span><span>\u00a0retrouvera ce samedi \u00e0 Lubumbashi le\u00a0<\/span><span>TP Mazembe<\/span><span>\u00a0pour une place en finale de la Ligue des champions.<\/span><span>\u00a0<\/span><\/p>\n<div class=\"mvp-org-wrap mvp-org-logo\" itemprop=\"publisher\" itemscope=\"\" itemtype=\"https:\/\/schema.org\/Organization\"><img decoding=\"async\" src=\"https:\/\/sport.tunisienumerique.com\/wp-content\/uploads\/2017\/05\/logo_tunisie_numerique.png\"\/><\/div>\n<div class=\"nc_socialPanel swp_flatFresh swp_d_fullColor swp_i_fullColor swp_o_fullColor scale-100 scale-fullWidth\" data-position=\"none\" data-float=\"floatNone\" data-count=\"5\" data-floatcolor=\"#ffffff\" data-emphasize=\"0\">\n<div class=\"nc_tweetContainer totes totesalt\" data-id=\"6\"><span class=\"swp_count\"><span class=\"swp_label\">Partages<\/span> 0<\/span><\/div>\n<\/div>\n<div class=\"mvp-related-posts left relative\">\n<h4 class=\"post-header\"><span class=\"post-header\">Lire aussi<\/span><\/h4>\n<\/div>\n<p>Auteur:<br \/>\n<a href=\"https:\/\/sport.tunisienumerique.com\/blesse-hamdou-elhouni-forfait-contre-tp-mazembe\/\">Cliquez ici pour lire l&rsquo;article depuis sa source.<\/a><\/p>\n","protected":false},"excerpt":{"rendered":"<p>Partages 0 L\u2019international libyen de l\u2019Esp\u00e9rance Sportive de Tunis\u00a0Hamdou\u00a0Elhouni\u00a0manquera officiellement la demi-finale retour de la\u00a0Ligue des champions africaine.\u00a0 Victime d\u2019une blessure hier en demi-finale aller face au\u00a0TP Mazembe,\u00a0Elhouni\u00a0a d\u00fb quitter ses co\u00e9quipiers en premi\u00e8re p\u00e9riode.\u00a0 Cette blessure musculaire au genou n\u00e9cessitera deux semaines de repos avant de faire le retour sur le rectangle vert.\u00a0 L\u2019Esp\u00e9rance [&hellip;]<\/p>\n","protected":false},"author":1789,"featured_media":30864,"comment_status":"closed","ping_status":"closed","sticky":false,"template":"","format":"standard","meta":{"fifu_image_url":"","fifu_image_alt":"","footnotes":""},"categories":[73,55],"tags":[],"class_list":["post-30863","post","type-post","status-publish","format-standard","has-post-thumbnail","hentry","category-actualite","category-tunisie"],"_links":{"self":[{"href":"https:\/\/linitiative.ca\/International\/wp-json\/wp\/v2\/posts\/30863","targetHints":{"allow":["GET"]}}],"collection":[{"href":"https:\/\/linitiative.ca\/International\/wp-json\/wp\/v2\/posts"}],"about":[{"href":"https:\/\/linitiative.ca\/International\/wp-json\/wp\/v2\/types\/post"}],"author":[{"embeddable":true,"href":"https:\/\/linitiative.ca\/International\/wp-json\/wp\/v2\/users\/1789"}],"replies":[{"embeddable":true,"href":"https:\/\/linitiative.ca\/International\/wp-json\/wp\/v2\/comments?post=30863"}],"version-history":[{"count":0,"href":"https:\/\/linitiative.ca\/International\/wp-json\/wp\/v2\/posts\/30863\/revisions"}],"wp:featuredmedia":[{"embeddable":true,"href":"https:\/\/linitiative.ca\/International\/wp-json\/"}],"wp:attachment":[{"href":"https:\/\/linitiative.ca\/International\/wp-json\/wp\/v2\/media?parent=30863"}],"wp:term":[{"taxonomy":"category","embeddable":true,"href":"https:\/\/linitiative.ca\/International\/wp-json\/wp\/v2\/categories?post=30863"},{"taxonomy":"post_tag","embeddable":true,"href":"https:\/\/linitiative.ca\/International\/wp-json\/wp\/v2\/tags?post=30863"}],"curies":[{"name":"wp","href":"https:\/\/api.w.org\/{rel}","templated":true}]}}