{"id":30894,"date":"2019-04-28T12:50:02","date_gmt":"2019-04-28T16:50:02","guid":{"rendered":"https:\/\/linitiative.ca\/International\/les-europeennes-en-grande-bretagne-entre-incredulite-et-hostilite\/"},"modified":"2019-04-28T12:50:02","modified_gmt":"2019-04-28T16:50:02","slug":"les-europeennes-en-grande-bretagne-entre-incredulite-et-hostilite","status":"publish","type":"post","link":"https:\/\/linitiative.ca\/International\/les-europeennes-en-grande-bretagne-entre-incredulite-et-hostilite\/","title":{"rendered":"Les europ\u00e9ennes en Grande-Bretagne, entre incr\u00e9dulit\u00e9 et hostilit\u00e9"},"content":{"rendered":"<div readability=\"32\">\n<p>Publi\u00e9 le 28.04.2019 \u00e0 17h50 par AFP<\/p>\n<\/div>\n<div readability=\"145\">\n<p>Cens\u00e9s quitter l\u2019Union europ\u00e9enne avant la fin de l\u2019ann\u00e9e, les Britanniques abordent le scrutin europ\u00e9en du 23 mai avec incr\u00e9dulit\u00e9, voire une certaine hostilit\u00e9 qui pousse les deux principaux partis du pays \u00e0 la discr\u00e9tion.<\/p>\n<p>L\u2019\u00e9lection va se tenir pr\u00e8s de trois ans apr\u00e8s le r\u00e9f\u00e9rendum de 2016 lors duquel le Royaume-Uni avait vot\u00e9 \u00e0 pr\u00e8s de 52% en faveur d\u2019une sortie de l\u2019UE.<\/p>\n<p>Mais faute d\u2019avoir r\u00e9ussi \u00e0 adopter un accord de divorce au Parlement britannique, le Brexit, initialement pr\u00e9vu le 29 mars, a \u00e9t\u00e9 repouss\u00e9 au 12 avril puis au 31 octobre, contraignant la Premi\u00e8re ministre conservatrice Theresa May \u00e0 organiser des europ\u00e9ennes comme tous les autres pays membres.<\/p>\n<p>Son parti et le Parti travailliste, principale formation d\u2019opposition, rechignent \u00e0 se lancer dans une campagne qui va une nouvelle fois \u00e9taler au grand jour leurs divisions en interne sur le Brexit. Qui plus est, briguer des voix risque d\u2019\u00eatre tr\u00e8s mal per\u00e7u par la population.<\/p>\n<p>\u2013 \u00ab\u00a0Mauvaise id\u00e9e\u00a0\u00bb-<\/p>\n<p>\u00ab\u00a0Participer aux \u00e9lections europ\u00e9ennes est une tr\u00e8s mauvaise id\u00e9e\u00a0\u00bb, a estim\u00e9 Ashley Fox, chef des d\u00e9put\u00e9s europ\u00e9ens conservateurs britanniques. \u00ab\u00a0Les gens vont se demander pourquoi ils devraient \u00e9lire des repr\u00e9sentants dans une organisation que nous avons d\u00e9cid\u00e9 de quitter il y a trois ans\u00a0\u00bb.<\/p>\n<p>Des militants ont rapport\u00e9 faire face sur le terrain \u00e0 de l\u2019hostilit\u00e9, sinon de la violence.<\/p>\n<p>Ben Bradley, d\u00e9put\u00e9 conservateur de Mansfield (nord de l\u2019Angleterre), a affirm\u00e9 que son comit\u00e9 de soutien local se refusait \u00e0 financer la campagne europ\u00e9enne. \u00ab\u00a0Nous n\u2019allons pas d\u00e9penser de l\u2019argent dans un scrutin auquel nous ne voulons pas participer, et sans certitude que nos d\u00e9put\u00e9s si\u00e8gent un jour\u00a0\u00bb.<\/p>\n<p>Theresa May esp\u00e8re encore pouvoir annuler ce scrutin si le Parlement adopte, d\u2019ici au 22 mai, le Trait\u00e9 de retrait qu\u2019elle a conclu avec l\u2019UE et qu\u2019il a d\u00e9j\u00e0 rejet\u00e9 trois fois.<\/p>\n<p>Pour tenter de parvenir \u00e0 un consensus, la dirigeante a lanc\u00e9 d\u00e9but avril des discussions avec les travaillistes.<\/p>\n<p><ins data-revive-zoneid=\"9\" data-revive-id=\"10111e19d28d19d031742ee3b0b33eb0\"\/> <\/p>\n<p>Ces derniers se sont content\u00e9s de publier en ligne la liste de leurs candidats aux europ\u00e9ennes. Ils peinent \u00e0 se mettre d\u2019accord sur un programme: alors que la direction pr\u00f4ne une formulation promettant de forger les liens les plus \u00e9troits possibles avec l\u2019UE apr\u00e8s le Brexit, les nombreux europhiles du parti exigent la mention d\u2019un second r\u00e9f\u00e9rendum, selon les m\u00e9dias.<\/p>\n<p>\u2013 \u00ab\u00a0Second r\u00e9f\u00e9rendum en douceur\u00a0\u00bb \u2013<\/p>\n<p>Cet imbroglio favorise les mouvements antisyst\u00e8me, faisant des europ\u00e9ennes \u00ab\u00a0une comp\u00e9tition particuli\u00e8rement int\u00e9ressante\u00a0\u00bb, estime Patrick English, professeur \u00e0 l\u2019Universit\u00e9 d\u2019Exeter. \u00ab\u00a0De nouveaux partis ont \u00e9merg\u00e9, qui mordent sur les plates-bandes de la vieille garde, laquelle peine \u00e0 conserver ses \u00e9lecteurs\u00a0\u00bb.<\/p>\n<p>Change UK, parti anti-Brexit form\u00e9 par d\u2019anciens conservateurs et travaillistes, suscite en effet un certain engouement.<\/p>\n<p>Ce rendez-vous \u00e9lectoral est \u00ab\u00a0une chance, pour nous citoyens europ\u00e9ens, de dire que nous avons \u00e9t\u00e9 bless\u00e9s par les r\u00e9sultats du premier r\u00e9f\u00e9rendum\u00a0\u00bb, a dit \u00e0 l\u2019AFP Isis Quaresma-Cabral, une militante europhile. \u00ab\u00a0J\u2019y vois une sorte de second r\u00e9f\u00e9rendum en douceur\u00a0\u00bb, avance cette Fran\u00e7aise de 44 ans vivant depuis 19 ans au Royaume-Uni.<\/p>\n<p>Mais c\u2019est surtout le Parti du Brexit, men\u00e9 par l\u2019europhobe Nigel Farage, qui b\u00e9n\u00e9ficie de la situation, parvenant \u00e0 se hisser en t\u00eate des intentions de vote.<\/p>\n<p>Ce tribun avait d\u00e9j\u00e0 remport\u00e9 les \u00e9lections europ\u00e9ennes \u00e0 la t\u00eate d\u2019un autre parti, l\u2019Ukip, en 2014. Et cette victoire avait, entre autres, pouss\u00e9 l\u2019ex-Premier ministre conservateur David Cameron \u00e0 promettre un r\u00e9f\u00e9rendum sur l\u2019appartenance du Royaume-Uni \u00e0 l\u2019UE.<\/p>\n<p>Si Nigel Farage souhaite ridiculiser les institutions europ\u00e9ennes en installant au Parlement europ\u00e9en le plus de d\u00e9put\u00e9s eurosceptiques possible, des \u00e9lecteurs eurosceptiques appellent au boycott des \u00e9lections. \u00ab\u00a0\u00c7a ne sert \u00e0 rien de voter\u00a0\u00bb, selon Charlie Smith, ouvrier londonien de 35 ans.<\/p>\n<p>\u00ab\u00a0Nous avons vot\u00e9 pour le Brexit et ils ne nous le donnent pas\u00a0\u00bb, ajoute-t-il en faisant d\u00e9filer sur son t\u00e9l\u00e9phone portable les r\u00e9sultats du r\u00e9f\u00e9rendum de 2016. \u00ab\u00a0C\u2019est pourquoi je ne voterai pour aucun d\u2019entre eux\u00a0\u00bb.<\/p>\n<\/div>\n<p>Auteur: AFP<br \/>\n<a href=\"https:\/\/www.journalducameroun.com\/fr\/les-europeennes-en-grande-bretagne-entre-incredulite-et-hostilite\/\">Cliquez ici pour lire l&rsquo;article depuis sa source.<\/a><\/p>\n","protected":false},"excerpt":{"rendered":"<p>Publi\u00e9 le 28.04.2019 \u00e0 17h50 par AFP Cens\u00e9s quitter l\u2019Union europ\u00e9enne avant la fin de l\u2019ann\u00e9e, les Britanniques abordent le scrutin europ\u00e9en du 23 mai avec incr\u00e9dulit\u00e9, voire une certaine hostilit\u00e9 qui pousse les deux principaux partis du pays \u00e0 la discr\u00e9tion. L\u2019\u00e9lection va se tenir pr\u00e8s de trois ans apr\u00e8s le r\u00e9f\u00e9rendum de 2016 [&hellip;]<\/p>\n","protected":false},"author":1965,"featured_media":0,"comment_status":"closed","ping_status":"closed","sticky":false,"template":"","format":"standard","meta":{"fifu_image_url":"","fifu_image_alt":"","footnotes":""},"categories":[73,82],"tags":[],"class_list":["post-30894","post","type-post","status-publish","format-standard","hentry","category-actualite","category-cameroun"],"_links":{"self":[{"href":"https:\/\/linitiative.ca\/International\/wp-json\/wp\/v2\/posts\/30894","targetHints":{"allow":["GET"]}}],"collection":[{"href":"https:\/\/linitiative.ca\/International\/wp-json\/wp\/v2\/posts"}],"about":[{"href":"https:\/\/linitiative.ca\/International\/wp-json\/wp\/v2\/types\/post"}],"author":[{"embeddable":true,"href":"https:\/\/linitiative.ca\/International\/wp-json\/wp\/v2\/users\/1965"}],"replies":[{"embeddable":true,"href":"https:\/\/linitiative.ca\/International\/wp-json\/wp\/v2\/comments?post=30894"}],"version-history":[{"count":0,"href":"https:\/\/linitiative.ca\/International\/wp-json\/wp\/v2\/posts\/30894\/revisions"}],"wp:attachment":[{"href":"https:\/\/linitiative.ca\/International\/wp-json\/wp\/v2\/media?parent=30894"}],"wp:term":[{"taxonomy":"category","embeddable":true,"href":"https:\/\/linitiative.ca\/International\/wp-json\/wp\/v2\/categories?post=30894"},{"taxonomy":"post_tag","embeddable":true,"href":"https:\/\/linitiative.ca\/International\/wp-json\/wp\/v2\/tags?post=30894"}],"curies":[{"name":"wp","href":"https:\/\/api.w.org\/{rel}","templated":true}]}}