{"id":30895,"date":"2019-04-28T13:50:01","date_gmt":"2019-04-28T17:50:01","guid":{"rendered":"https:\/\/linitiative.ca\/International\/attentats-au-sri-lanka-la-communaute-chretienne-sous-haute-surveillance-pleure-ses-morts\/"},"modified":"2019-04-28T13:50:01","modified_gmt":"2019-04-28T17:50:01","slug":"attentats-au-sri-lanka-la-communaute-chretienne-sous-haute-surveillance-pleure-ses-morts","status":"publish","type":"post","link":"https:\/\/linitiative.ca\/International\/attentats-au-sri-lanka-la-communaute-chretienne-sous-haute-surveillance-pleure-ses-morts\/","title":{"rendered":"Attentats au Sri Lanka : la communaut\u00e9 chr\u00e9tienne, sous haute surveillance, pleure ses morts"},"content":{"rendered":"<p>Les Eglises du Sri Lanka sont rest\u00e9es ferm\u00e9es dimanche, les chr\u00e9tiens pleurant en priv\u00e9 les victimes des sanglantes attaques de P\u00e2ques, qualifi\u00e9es d&rsquo;\u00a0\u00bbinsulte\u00a0\u00bb faite \u00e0 l\u2019humanit\u00e9 par l\u2019archev\u00eaque catholique de Colombo.<\/p>\n<p>Mgr Malcolm Ranjith a c\u00e9l\u00e9br\u00e9 une messe priv\u00e9e diffus\u00e9e en direct \u00e0 la t\u00e9l\u00e9vision apr\u00e8s l\u2019annulation de tous les offices publics, de peur d\u2019une r\u00e9p\u00e9tition des attaques coordonn\u00e9es contre des \u00e9glises et des h\u00f4tels de luxe qui ont co\u00fbt\u00e9 la vie \u00e0 253 personnes une semaine auparavant.<\/p>\n<p>Une veill\u00e9e a toutefois \u00e9t\u00e9 organis\u00e9e dimanche sous haute surveillance devant l\u2019\u00e9glise Saint-Antoine, dans la capitale, \u00e0 8H45, l\u2019heure \u00e0 laquelle l\u2019\u00e9difice avait \u00e9t\u00e9 attaqu\u00e9 le dimanche pr\u00e9c\u00e9dent.<\/p>\n<p>Les kamikazes se sont fait exploser dans trois h\u00f4tels de luxe de Colombo et trois \u00e9glises bond\u00e9es au moment de la messe de P\u00e2ques, celle de Sainte-Antoine et deux autres situ\u00e9es dans les localit\u00e9s de Negombo et de Batticaloa.<\/p>\n<p>Dans la messe qu\u2019il a c\u00e9l\u00e9br\u00e9e \u00e0 l\u2019int\u00e9rieur d\u2019une chapelle \u00e0 son domicile, en pr\u00e9sence du pr\u00e9sident Maithripala Sirisena et du Premier ministre Ranil Wickremesinghe, l\u2019archev\u00eaque a appel\u00e9 \u00e0 la paix et \u00e0 l\u2019unit\u00e9 dans cette nation multiethnique d\u2019Asie du Sud.<\/p>\n<p>\u00ab\u00a0Ce qui s\u2019est pass\u00e9 dimanche dernier est une immense trag\u00e9die, une insulte (faite) \u00e0 l\u2019humanit\u00e9\u00a0\u00bb, a dit le pr\u00e9lat. Il a demand\u00e9 aux fid\u00e8les \u00e0 faire preuve de bont\u00e9 les uns envers les autres en signe de respect pour toutes les victimes de ces attentats qui ont \u00e9galement fait pr\u00e8s de 500 bless\u00e9s.<\/p>\n<p>\u00ab\u00a0Aujourd\u2019hui, pendant la messe, nous pr\u00eatons attention \u00e0 la trag\u00e9die survenue dimanche dernier et nous essayons de comprendre. Nous prions pour que ceux qui ont perdu la vie ce jour-l\u00e0 vivent une vie \u00e9ternelle \u00e0 travers le Seigneur et pour que les bless\u00e9s gu\u00e9rissent bient\u00f4t\u00a0\u00bb.<\/p>\n<p>\u00ab\u00a0De la m\u00eame mani\u00e8re, nous prions pour que r\u00e8gnent la paix et la coexistence, la compr\u00e9hension mutuelle sans divisions\u00a0\u00bb, a-t-il ajout\u00e9, tandis que des dizaines de soldats \u00e9taient d\u00e9ploy\u00e9s dans les rues, devant les mosqu\u00e9es et les \u00e9glises.<\/p>\n<p>\u2013 Expulsions \u2013<\/p>\n<p>Les autorit\u00e9s ont imput\u00e9 la responsabilit\u00e9 du massacre \u00e0 un groupe islamiste local affili\u00e9 \u00e0 l\u2019organisation jihadiste Etat islamique (EI), laquelle a revendiqu\u00e9 le bain de sang.<\/p>\n<p>Les forces de s\u00e9curit\u00e9 ont proc\u00e9d\u00e9 \u00e0 de nouvelles arrestations au lendemain de la mort d\u2019au moins 16 personnes dans une op\u00e9ration contre une cache de jihadistes pr\u00e9sum\u00e9s au cours de la nuit de vendredi \u00e0 samedi \u00e0 Kalmunai, dans l\u2019est de l\u2019\u00eele.<\/p>\n<p>Deux hommes, Mohamed Saadik Abdul Haq et Mohamed Saahid Abdul Haq, ont \u00e9t\u00e9 arr\u00eat\u00e9s samedi dans la r\u00e9gion centrale de Nawalapitiya, a annonc\u00e9 la police : ils figuraient sur la liste des six suspects \u00ab\u00a0les plus recherch\u00e9s\u00a0\u00bb diffus\u00e9e par les autorit\u00e9s jeudi.<\/p>\n<p>Ces interpellations portent \u00e0 plus de 100 le nombre des arrestations.<\/p>\n<p><ins data-revive-zoneid=\"9\" data-revive-id=\"10111e19d28d19d031742ee3b0b33eb0\"\/> <\/p>\n<p>La plupart des islamistes radicaux li\u00e9s aux attentats suicides ont \u00e9t\u00e9 tu\u00e9s ou interpell\u00e9s, a annonc\u00e9 dimanche le Premier ministre Ranil Wickremesinghe.<\/p>\n<p>Ces attaques ont \u00e9t\u00e9 men\u00e9es par un \u00ab\u00a0groupe petit, mais bien organis\u00e9\u00a0\u00bb, a-t-il d\u00e9clar\u00e9 dans un communiqu\u00e9. \u00ab\u00a0La plupart de ses membres ont \u00e9t\u00e9 arr\u00eat\u00e9s. Certains sont morts\u00a0\u00bb, a-t-il ajout\u00e9. \u00ab\u00a0Maintenant nous sommes pr\u00eats \u00e0 revenir \u00e0 la normalit\u00e9\u00a0\u00bb.<\/p>\n<p>Devant la presse dimanche, l\u2019archev\u00eaque de Colombo a toutefois fait part de ses doutes quant \u00e0 la capacit\u00e9 du gouvernement \u00e0 d\u00e9f\u00e9rer en justice les coupables de ces tueries, disant craindre qu\u2019il ne se limite \u00e0 des \u00ab\u00a0paroles\u00a0\u00bb. \u00ab\u00a0Si les autorit\u00e9s sont sinc\u00e8res, elles doivent proc\u00e9der \u00e0 une enqu\u00eate approfondie\u00a0\u00bb, a mis en garde le cardinal Malcom Ranjith.<\/p>\n<p>Le Premier ministre a par ailleurs annonc\u00e9 un durcissement de la l\u00e9gislation \u00e0 l\u2019\u00e9gard des extr\u00e9mistes islamistes et l\u2019expulsion d\u2019enseignants de religion \u00e9trangers en situation irr\u00e9guli\u00e8re.<\/p>\n<p>Ranil Wickremesinghe a en outre confirm\u00e9 que de potentiels kamikazes s\u2019\u00e9taient donn\u00e9 la mort dans la nuit de vendredi \u00e0 samedi \u00e0 Kalmunai, lorsqu\u2019ils se sont retrouv\u00e9s face aux forces de l\u2019ordre.<\/p>\n<p>L\u2019EI a affirm\u00e9 que les trois personnes qui s\u2019y sont fait exploser faisaient \u00e9galement partie de ses rangs par la voix de son agence de propagande Amaq.<\/p>\n<p>La veuve de l\u2019islamiste Zahran Hashim, soup\u00e7onn\u00e9 d\u2019avoir organis\u00e9 les attaques de P\u00e2ques, et leur fille de quatre ans ont \u00e9t\u00e9 bless\u00e9es dans ce raid et sont soign\u00e9es dans un h\u00f4pital, a annonc\u00e9 la police \u00e0 l\u2019AFP. Des tests ADN tentent de d\u00e9terminer si le p\u00e8re de ce jihadiste \u00e9tait parmi ceux qui ont \u00e9t\u00e9 tu\u00e9s.<\/p>\n<p>Le pr\u00e9sident Sirisena a interdit le National Thowheeth Jama\u2019ath (NTJ), le mouvement islamiste local accus\u00e9 d\u2019avoir perp\u00e9tr\u00e9 le massacre du 21 avril, ainsi qu\u2019un groupe satellite, le Jamathei Millathu Ibraheem (JMI).<\/p>\n<p>Les tensions restent vives dans cette ancienne colonie britannique du sous-continent indien, peupl\u00e9e de 21 millions d\u2019habitants majoritairement bouddhistes.<\/p>\n<p>La r\u00e9ouverture des \u00e9coles, initialement pr\u00e9vue pour lundi, a \u00e9t\u00e9 report\u00e9e d\u2019une semaine. Un couvre-feu nocturne est \u00e9galement en place.<\/p>\n<p>A Saint-Antoine, les dizaines de personnes pr\u00e9sentes dimanche devant cette \u00e9glise vis\u00e9e par les attaques ont cess\u00e9 de chanter des hymnes \u00e0 8H45 pr\u00e9cises tandis que les cloches tintaient. Les aiguilles de l\u2019horloge de l\u2019\u00e9difice restent bloqu\u00e9es sur l\u2019heure fatidique.<\/p>\n<p>\u00ab\u00a0Je viens tous les dimanches dans cette \u00e9glise, on dirait ma deuxi\u00e8me maison\u00a0\u00bb, explique Dharshika Fernando, 19 ans, retenant ses larmes. \u00ab\u00a0C\u2019est comme si on avait fait exploser ma propre maison\u00a0\u00bb.<\/p>\n<p>Auteur: AFP<br \/>\n<a href=\"https:\/\/www.journalducameroun.com\/fr\/attentats-au-sri-lanka-la-communaute-chretienne-sous-haute-surveillance-pleure-ses-morts\/\">Cliquez ici pour lire l&rsquo;article depuis sa source.<\/a><\/p>\n","protected":false},"excerpt":{"rendered":"<p>Les Eglises du Sri Lanka sont rest\u00e9es ferm\u00e9es dimanche, les chr\u00e9tiens pleurant en priv\u00e9 les victimes des sanglantes attaques de P\u00e2ques, qualifi\u00e9es d&rsquo;\u00a0\u00bbinsulte\u00a0\u00bb faite \u00e0 l\u2019humanit\u00e9 par l\u2019archev\u00eaque catholique de Colombo. Mgr Malcolm Ranjith a c\u00e9l\u00e9br\u00e9 une messe priv\u00e9e diffus\u00e9e en direct \u00e0 la t\u00e9l\u00e9vision apr\u00e8s l\u2019annulation de tous les offices publics, de peur d\u2019une [&hellip;]<\/p>\n","protected":false},"author":1965,"featured_media":0,"comment_status":"closed","ping_status":"closed","sticky":false,"template":"","format":"standard","meta":{"fifu_image_url":"","fifu_image_alt":"","footnotes":""},"categories":[73,82],"tags":[],"class_list":["post-30895","post","type-post","status-publish","format-standard","hentry","category-actualite","category-cameroun"],"_links":{"self":[{"href":"https:\/\/linitiative.ca\/International\/wp-json\/wp\/v2\/posts\/30895","targetHints":{"allow":["GET"]}}],"collection":[{"href":"https:\/\/linitiative.ca\/International\/wp-json\/wp\/v2\/posts"}],"about":[{"href":"https:\/\/linitiative.ca\/International\/wp-json\/wp\/v2\/types\/post"}],"author":[{"embeddable":true,"href":"https:\/\/linitiative.ca\/International\/wp-json\/wp\/v2\/users\/1965"}],"replies":[{"embeddable":true,"href":"https:\/\/linitiative.ca\/International\/wp-json\/wp\/v2\/comments?post=30895"}],"version-history":[{"count":0,"href":"https:\/\/linitiative.ca\/International\/wp-json\/wp\/v2\/posts\/30895\/revisions"}],"wp:attachment":[{"href":"https:\/\/linitiative.ca\/International\/wp-json\/wp\/v2\/media?parent=30895"}],"wp:term":[{"taxonomy":"category","embeddable":true,"href":"https:\/\/linitiative.ca\/International\/wp-json\/wp\/v2\/categories?post=30895"},{"taxonomy":"post_tag","embeddable":true,"href":"https:\/\/linitiative.ca\/International\/wp-json\/wp\/v2\/tags?post=30895"}],"curies":[{"name":"wp","href":"https:\/\/api.w.org\/{rel}","templated":true}]}}