{"id":30946,"date":"2019-04-29T13:05:13","date_gmt":"2019-04-29T17:05:13","guid":{"rendered":"https:\/\/linitiative.ca\/International\/500e-anniversaire-de-la-mort-de-leonard-de-vinci-maturina-fantesca-presente-a-alger\/"},"modified":"2019-04-29T13:05:13","modified_gmt":"2019-04-29T17:05:13","slug":"500e-anniversaire-de-la-mort-de-leonard-de-vinci-maturina-fantesca-presente-a-alger","status":"publish","type":"post","link":"https:\/\/linitiative.ca\/International\/500e-anniversaire-de-la-mort-de-leonard-de-vinci-maturina-fantesca-presente-a-alger\/","title":{"rendered":"500e anniversaire de la mort de L\u00e9onard de Vinci: \u00ab\u00a0Maturina Fantesca\u00a0\u00bb pr\u00e9sent\u00e9 \u00e0 Alger"},"content":{"rendered":"<div>\n<div class=\"K2FeedImage\"><img decoding=\"async\" src=\"http:\/\/www.aps.dz\/media\/k2\/items\/cache\/6b15ddb5ea8332b64e3a2f52fdb3b222_S.jpg\" alt=\"500e anniversaire de la mort de L\u00e9onard de Vinci: \" maturina fantesca pr alger><\/div>\n<div class=\"K2FeedIntroText\">\n<p>\u00a0<\/p>\n<p><strong>ALGER- \u00ab\u00a0Maturina Fantesca, h\u00e9riti\u00e8re de L\u00e9onard de Vinci\u00a0\u00bb, un monologue de l\u2019Italienne Patrizia La Fonte, qui met en valeur le riche h\u00e9ritage artistique et scientifique qu\u2019a laiss\u00e9 L\u00e9onard de Vinci \u00e0\u00a0l\u2019humanit\u00e9, a \u00e9t\u00e9 pr\u00e9sent\u00e9 dimanche soir \u00e0 Alger devant un public restreint.<\/strong><\/p>\n<\/div>\n<div class=\"K2FeedFullText\">\n<p>Le public, des invit\u00e9s du petit Th\u00e9\u00e2tre de l\u2019ambassade d\u2019Italie \u00e0 Alger, a pu assister, 60 mn durant, \u00e0 un spectacle \u00e9crit, mis en sc\u00e8ne et interpr\u00e9t\u00e9 par Patrizia La Fonte, dans le r\u00f4le de Maturina Fantesca, gouvernante de L\u00e9onard de Vinci, dont on c\u00e9l\u00e8bre le 500e anniversaire de sa disparition en 1519 \u00e0 Amboise (centre de la France).<\/p>\n<p>Construite autour du personnage principal de Maturina Fantesca (v\u00e9ritable et fid\u00e8le gouvernante de L\u00e9onard de Vinci), la trame du spectacle est une pure imagination de l&rsquo;auteure qui entendait, ainsi, <em><strong>\u00ab\u00a0rendre hommage \u00e0 l\u2019un des plus grands g\u00e9nies de tous les temps\u00a0\u00bb.<\/strong><\/em><\/p>\n<p>Ayant servi son ma\u00eetre dans la derni\u00e8re p\u00e9riode de sa vie, Maturina raconte en d\u00e9tail sa mani\u00e8re de travailler, ses relations avec ses \u00e9tudiants et ses amis, ainsi que tous les notables \u00a0des grand des villes o\u00f9 il a s\u00e9journ\u00e9, en Florence, \u00e0 Rome et \u00e0 Amboise notamment.<\/p>\n<p>Apr\u00e8s la mort de L\u00e9onard de Vinci, Maturina, devant trouver un nouveau travail, succombe chaque fois \u00e0 son ironie et ses d\u00e9lires qui lui font croire que c\u2019est \u00e0 <em><strong>\u00ab\u00a0elle, et elle seule\u00a0\u00bb,<\/strong><\/em> que reviendrait le legs de son ma\u00eetre, alors qu\u2019on ne lui reconna\u00eet que \u00ab\u00a0<em><strong>peu ou rien\u00a0\u00bb<\/strong><\/em>, car c&rsquo;est une \u00ab\u00a0femme d&rsquo;origine modeste\u00a0\u00bb, qui \u00e9volue dans \u00ab\u00a0une soci\u00e9t\u00e9 domin\u00e9e par les hommes\u00a0\u00bb, dira t- elle.<\/p>\n<p>Entretenant un contact direct et permanent avec le public en l\u2019impliquant dans un jeu interactif intense et exaltant, o\u00f9 m\u00eame l\u2019ambassadeur d\u2019Italie en Alg\u00e9rie, Pasquale Ferrera n\u2019y \u00e9chappera pas, la com\u00e9dienne s\u2019est aid\u00e9e de son exp\u00e9rience et son professionnalisme, pour permettre une plus grande accessibilit\u00e9 \u00e0 son texte d\u00e9clam\u00e9 dans le Florentin ancien (dialecte de Florence).<\/p>\n<p>Con\u00e7ue sans musique dans une vision minimaliste, la sc\u00e9nographie, s\u2019est content\u00e9e de quelques accessoires relativement volumineux, couverts de draps et d\u00e9pos\u00e9s sur sc\u00e8ne,sugg\u00e9rant le legs de L\u00e9onard de Vinci, ainsi que la projection sur \u00e9cran du sous titrage en fran\u00e7ais.<\/p>\n<p>Occupant tous les espaces de la sc\u00e8ne -et m\u00eame au-del\u00e0, Patrizia La Fonte a \u00e9galement us\u00e9 de la mimique pour garder l\u2019attention de l\u2019assistance qui a interagi avec la com\u00e9dienne, participant ainsi \u00e0\u00a0, entre autres simulations, une vente aux ench\u00e8res d\u2019un des tableaux d\u00e9couvert.<\/p>\n<p>Le public qualifiant le spectacle de Patrizia La Fonte de<em><strong> \u00ab\u00a0r\u00e9ussite\u00a0\u00bb<\/strong> <\/em>a pris du plaisir \u00e0 red\u00e9couvrir, le temps d\u2019un spectacle, quelques unes des nombreuses facettes de l\u2019\u0153uvre gigantesque du p\u00e8re de la Renaissance.<\/p>\n<p><em><strong>\u00ab\u00a0Le spectacle est le r\u00e9sultat d&rsquo;une recherche approfondie sur les sources litt\u00e9raires et historiques\u00a0\u00bb,<\/strong><\/em> peut-on lire sur le document de pr\u00e9sentation du spectacle.<\/p>\n<p>Dans le rire et la d\u00e9rision, le spectacle a rappel\u00e9, selon les spectateurs pr\u00e9sents, un monde qui, finalement<em><strong> \u00ab\u00a0n&rsquo;est pas si lointain\u00a0\u00bb,<\/strong> <\/em>par les \u00ab\u00a0pratiques et les attitudes de l\u2019homme envers son prochain\u00a0\u00bb.<\/p>\n<p>Dipl\u00f4m\u00e9e de l&rsquo;Acad\u00e9mie d&rsquo;art dramatique<em><strong> \u00ab\u00a0Silvio-d&rsquo;Amico\u00a0\u00bb<\/strong> <\/em>de Rome, Patrizia La Fonte a vite orient\u00e9 sa carri\u00e8re dans les arts de la sc\u00e8ne, comptant \u00e0 62 ans une carri\u00e8re pleine d\u2019une trentaine d\u2019ann\u00e9e dans les m\u00e9tiers d\u2019auteure, de com\u00e9dienne et de metteure en sc\u00e8ne.<\/p>\n<p>Au Cin\u00e9ma, elle a \u00e9t\u00e9 dirig\u00e9e, entre autres, par de grands r\u00e9alisateurs, \u00e0 l\u2019instar de Mario Monicelli et Ferzan zpetek dans <em><strong>\u00ab\u00a0Sacred Heart\u00a0\u00bb<\/strong><\/em>,notamment, alors qu\u2019au Th\u00e9\u00e2tre, elle est auteure de plusieurs textes, com\u00e9dienne et metteure en sc\u00e8ne. De 1988-1989,elle a \u00e9t\u00e9 directrice adjointe dans les th\u00e9\u00e2tres Off-Broadway de New York.<\/p>\n<p>A la T\u00e9l\u00e9vision, elle est connue pour avoir \u00a0interpr\u00e9t\u00e9 le r\u00f4le d&rsquo;Olga dans de la s\u00e9rie \u00ab\u00a0Incantesimo\u00a0\u00bb, sur la chaine \u00ab\u00a0Rai 2\u00a0\u00bb, pour que plus tard, elle participe \u00e0 de nombreux t\u00e9l\u00e9films, comme actrice ou sc\u00e9nariste -avec une trentaine de textes-, et se consacre \u00e0 l\u2019\u00e9criture de romans \u00e0 succ\u00e8s, comme<em><strong> \u00ab\u00a0j&rsquo;ai \u00e9pous\u00e9 un flic\u00a0\u00bb<\/strong><\/em> et \u00ab\u00a0Atelier Fontana\u00a0\u00bb.<\/p>\n<p>Le monologue brillant, \u00ab\u00a0Maturina Fantesca, h\u00e9riti\u00e8re de L\u00e9onard de Vinci\u00a0\u00bb, a \u00e9t\u00e9 organis\u00e9 par l\u2019ambassade d\u2019Italie et l\u2019Institut culturel italien d\u2019Alger.<\/p>\n<p>\u00a0<\/p>\n<p>\u00a0<\/p>\n<p>\u00a0<\/p>\n<\/div>\n<\/div>\n<p>Auteur:<br \/>\n<a href=\"http:\/\/www.aps.dz\/culture\/88764-500e-anniversaire-de-la-mort-de-leonard-de-vinci-le-monologue-maturina-fantesca-presente-a-alger\">Cliquez ici pour lire l&rsquo;article depuis sa source.<\/a><\/p>\n","protected":false},"excerpt":{"rendered":"<p>\u00a0 ALGER- \u00ab\u00a0Maturina Fantesca, h\u00e9riti\u00e8re de L\u00e9onard de Vinci\u00a0\u00bb, un monologue de l\u2019Italienne Patrizia La Fonte, qui met en valeur le riche h\u00e9ritage artistique et scientifique qu\u2019a laiss\u00e9 L\u00e9onard de Vinci \u00e0\u00a0l\u2019humanit\u00e9, a \u00e9t\u00e9 pr\u00e9sent\u00e9 dimanche soir \u00e0 Alger devant un public restreint. Le public, des invit\u00e9s du petit Th\u00e9\u00e2tre de l\u2019ambassade d\u2019Italie \u00e0 Alger, [&hellip;]<\/p>\n","protected":false},"author":1790,"featured_media":30947,"comment_status":"closed","ping_status":"closed","sticky":false,"template":"","format":"standard","meta":{"fifu_image_url":"","fifu_image_alt":"","footnotes":""},"categories":[53,79],"tags":[],"class_list":["post-30946","post","type-post","status-publish","format-standard","has-post-thumbnail","hentry","category-algerie","category-culture"],"_links":{"self":[{"href":"https:\/\/linitiative.ca\/International\/wp-json\/wp\/v2\/posts\/30946","targetHints":{"allow":["GET"]}}],"collection":[{"href":"https:\/\/linitiative.ca\/International\/wp-json\/wp\/v2\/posts"}],"about":[{"href":"https:\/\/linitiative.ca\/International\/wp-json\/wp\/v2\/types\/post"}],"author":[{"embeddable":true,"href":"https:\/\/linitiative.ca\/International\/wp-json\/wp\/v2\/users\/1790"}],"replies":[{"embeddable":true,"href":"https:\/\/linitiative.ca\/International\/wp-json\/wp\/v2\/comments?post=30946"}],"version-history":[{"count":0,"href":"https:\/\/linitiative.ca\/International\/wp-json\/wp\/v2\/posts\/30946\/revisions"}],"wp:featuredmedia":[{"embeddable":true,"href":"https:\/\/linitiative.ca\/International\/wp-json\/"}],"wp:attachment":[{"href":"https:\/\/linitiative.ca\/International\/wp-json\/wp\/v2\/media?parent=30946"}],"wp:term":[{"taxonomy":"category","embeddable":true,"href":"https:\/\/linitiative.ca\/International\/wp-json\/wp\/v2\/categories?post=30946"},{"taxonomy":"post_tag","embeddable":true,"href":"https:\/\/linitiative.ca\/International\/wp-json\/wp\/v2\/tags?post=30946"}],"curies":[{"name":"wp","href":"https:\/\/api.w.org\/{rel}","templated":true}]}}