{"id":30982,"date":"2019-04-29T11:42:07","date_gmt":"2019-04-29T15:42:07","guid":{"rendered":"https:\/\/linitiative.ca\/International\/secousse-tellurique-de-3-degres-sur-lechelle-de-richter-a-alger\/"},"modified":"2019-04-29T11:42:07","modified_gmt":"2019-04-29T15:42:07","slug":"secousse-tellurique-de-3-degres-sur-lechelle-de-richter-a-alger","status":"publish","type":"post","link":"https:\/\/linitiative.ca\/International\/secousse-tellurique-de-3-degres-sur-lechelle-de-richter-a-alger\/","title":{"rendered":"Secousse tellurique de 3 degr\u00e9s sur l&rsquo;\u00e9chelle de Richter \u00e0 Alger"},"content":{"rendered":"<div>\n<div class=\"K2FeedImage\"><img decoding=\"async\" src=\"http:\/\/www.aps.dz\/media\/k2\/items\/cache\/5a71faba4b511e1348ffa651b20d4655_S.jpg\" alt=\"Secousse tellurique de 3 degr\u00e9s sur l'\u00e9chelle de Richter \u00e0 Alger\"><\/div>\n<div class=\"K2FeedIntroText\">\n<p><strong>ALGER &#8211; Une secousse tellurique de magnitude de 3 degr\u00e9s sur l&rsquo;\u00e9chelle de Richter a eu lieu lundi apr\u00e8s-midi (15h10) dans la wilaya d&rsquo;Alger, indique le Centre de Recherche en Astronomie Astrophysique et Geophysique (CRAAG) dans un communiqu\u00e9.<\/strong><\/p>\n<\/div>\n<div class=\"K2FeedFullText\">\n<hr>\n<h3>Lire aussi:\u00a0<a href=\"http:\/\/www.aps.dz\/regions\/88173-secousse-tellurique-de-4-degres-sur-l-echelle-de-richter-a-oran\" target=\"_blank\" rel=\"noopener noreferrer\">Secousse tellurique de 4 degr\u00e9s sur l&rsquo;\u00e9chelle de Richter \u00e0 Oran<\/a><\/h3>\n<hr>\n<p>L&rsquo;\u00e9picentre de la secousse a \u00e9t\u00e9 localis\u00e9 \u00e0 4 km \u00e0 l&rsquo;Est de Bordj El Kifan, pr\u00e9cise la m\u00eame source.<\/p>\n<\/div>\n<\/div>\n<p>Auteur:<br \/>\n<a href=\"http:\/\/www.aps.dz\/regions\/88799-secousse-tellurique-de-3-degres-sur-l-echelle-de-richter-a-alger\">Cliquez ici pour lire l&rsquo;article depuis sa source.<\/a><\/p>\n","protected":false},"excerpt":{"rendered":"<p>ALGER &#8211; Une secousse tellurique de magnitude de 3 degr\u00e9s sur l&rsquo;\u00e9chelle de Richter a eu lieu lundi apr\u00e8s-midi (15h10) dans la wilaya d&rsquo;Alger, indique le Centre de Recherche en Astronomie Astrophysique et Geophysique (CRAAG) dans un communiqu\u00e9. Lire aussi:\u00a0Secousse tellurique de 4 degr\u00e9s sur l&rsquo;\u00e9chelle de Richter \u00e0 Oran L&rsquo;\u00e9picentre de la secousse a [&hellip;]<\/p>\n","protected":false},"author":1790,"featured_media":30983,"comment_status":"closed","ping_status":"closed","sticky":false,"template":"","format":"standard","meta":{"fifu_image_url":"","fifu_image_alt":"","footnotes":""},"categories":[53,76],"tags":[],"class_list":["post-30982","post","type-post","status-publish","format-standard","has-post-thumbnail","hentry","category-algerie","category-regions"],"_links":{"self":[{"href":"https:\/\/linitiative.ca\/International\/wp-json\/wp\/v2\/posts\/30982","targetHints":{"allow":["GET"]}}],"collection":[{"href":"https:\/\/linitiative.ca\/International\/wp-json\/wp\/v2\/posts"}],"about":[{"href":"https:\/\/linitiative.ca\/International\/wp-json\/wp\/v2\/types\/post"}],"author":[{"embeddable":true,"href":"https:\/\/linitiative.ca\/International\/wp-json\/wp\/v2\/users\/1790"}],"replies":[{"embeddable":true,"href":"https:\/\/linitiative.ca\/International\/wp-json\/wp\/v2\/comments?post=30982"}],"version-history":[{"count":0,"href":"https:\/\/linitiative.ca\/International\/wp-json\/wp\/v2\/posts\/30982\/revisions"}],"wp:featuredmedia":[{"embeddable":true,"href":"https:\/\/linitiative.ca\/International\/wp-json\/"}],"wp:attachment":[{"href":"https:\/\/linitiative.ca\/International\/wp-json\/wp\/v2\/media?parent=30982"}],"wp:term":[{"taxonomy":"category","embeddable":true,"href":"https:\/\/linitiative.ca\/International\/wp-json\/wp\/v2\/categories?post=30982"},{"taxonomy":"post_tag","embeddable":true,"href":"https:\/\/linitiative.ca\/International\/wp-json\/wp\/v2\/tags?post=30982"}],"curies":[{"name":"wp","href":"https:\/\/api.w.org\/{rel}","templated":true}]}}