{"id":31054,"date":"2019-04-29T11:24:00","date_gmt":"2019-04-29T15:24:00","guid":{"rendered":"https:\/\/linitiative.ca\/International\/88798-bernaoui-nous-veillerons-a-l-application-de-la-reglementation-a-toutes-les-federations\/"},"modified":"2019-04-29T11:24:00","modified_gmt":"2019-04-29T15:24:00","slug":"88798-bernaoui-nous-veillerons-a-l-application-de-la-reglementation-a-toutes-les-federations","status":"publish","type":"post","link":"https:\/\/linitiative.ca\/International\/88798-bernaoui-nous-veillerons-a-l-application-de-la-reglementation-a-toutes-les-federations\/","title":{"rendered":"Bernaoui : \u00ab\u00a0Nous veillerons \u00e0 l&rsquo;application de la r\u00e9glementation \u00e0 toutes les F\u00e9d\u00e9rations\u00a0\u00bb"},"content":{"rendered":"<div>\n<div class=\"K2FeedImage\"><img decoding=\"async\" src=\"http:\/\/www.aps.dz\/media\/k2\/items\/cache\/37ce267dbc5c3e82ec702d3cdc23eaa9_S.jpg\" alt=\"Bernaoui : \" nous veillerons l de la r toutes les f><\/div>\n<div class=\"K2FeedIntroText\">\n<p>ALGER &#8211; Le ministre de la Jeunesse et des Sports Raouf Salim Bernaoui a r\u00e9it\u00e9r\u00e9 la d\u00e9termination de sa structure minist\u00e9rielle \u00e0 appliquer la r\u00e9glementation \u00e0 l&rsquo;ensemble des f\u00e9d\u00e9rations sportives, particuli\u00e8rement celles de cyclisme et de boxe, qui sont pass\u00e9es par des moments difficiles derni\u00e8rement, assurant toutefois que ces instances restent autonomes dans leur gestion et que \u00ab\u00a0le MJS ne s&rsquo;immiscera pas\u00a0\u00bb dans leurs affaires internes.<\/p>\n<\/div>\n<div class=\"K2FeedFullText\">\n<p>\u00ab\u00a0La tutelle n&rsquo;intervient plus dans les affaires internes des f\u00e9d\u00e9rations. Elle veille juste au respect de la loi et \u00e0 l&rsquo;application des r\u00e8glements, comme nous projetons de le faire avec les f\u00e9d\u00e9rations de cyclisme et de boxe\u00a0\u00bb a-t-il assur\u00e9 dans une d\u00e9claration \u00e0 l&rsquo;APS.<\/p>\n<p>Bernaoui a insist\u00e9 au passage sur \u00ab\u00a0la n\u00e9cessit\u00e9 de mettre les sentiments et les rapports affectifs de c\u00f4t\u00e9\u00a0\u00bb pour pouvoir faire du bon travail, sans parti pris ni complaisance.<\/p>\n<p>La F\u00e9d\u00e9ration alg\u00e9rienne de cyclisme (FAC) a pataug\u00e9 dans une crise aigue pendant les quatre mois qui ont suivi la d\u00e9mission de son ancien pr\u00e9sident Mabrouk Kerboua\u00e2, qui avait rendu le tablier en novembre 2018, arguant de probl\u00e8mes personnels et de sant\u00e9.<\/p>\n<p>Ce n&rsquo;est que derni\u00e8rement que cette instance a commenc\u00e9 \u00e0 entrevoir le bout du tunnel, avec l&rsquo;\u00e9lection du jeune Kheirdeddine Barbari comme nouveau pr\u00e9sident, alors que 22 des 47 membres qui composent l&rsquo;Assembl\u00e9e g\u00e9n\u00e9rale de la FAC avaient boud\u00e9 l&rsquo;AG \u00e9lective qui l&rsquo;avait pl\u00e9biscit\u00e9 samedi dernier, au si\u00e8ge du Comit\u00e9 Olympique (COA).<\/p>\n<hr>\n<p><em><strong>Lire aussi:\u00a0<\/strong><\/em><a href=\"http:\/\/www.aps.dz\/sport\/88765-sport-distinction-le-mjs-honore-les-athletes-algeriens-medailles-de-l-annee-2018\">Sport\/distinction: le MJS honore les athl\u00e8tes alg\u00e9riens m\u00e9daill\u00e9s de l&rsquo;ann\u00e9e 2018<\/a><\/p>\n<hr>\n<p>\u00ab\u00a0Par le pass\u00e9, il y avait une certaine ing\u00e9rence de la tutelle dans les affaires internes des F\u00e9d\u00e9rations et si certaines personnes ont omis d&rsquo;en parler, c&rsquo;est parce que cette situation arrangeait bien leurs affaires\u00a0\u00bb a avou\u00e9 Bernaoui, assurant que \u00ab\u00a0ces agissement appartiennent d\u00e9sormais au pass\u00e9\u00a0\u00bb et qu&rsquo;\u00e0 l&rsquo;avenir \u00ab\u00a0le travail des F\u00e9d\u00e9rations se fera dans le respect des lois\u00a0\u00bb.<\/p>\n<p>Concernant les personnes qui seraient toujours contre cette \u00ab\u00a0nouvelle mani\u00e8re de proc\u00e9der\u00a0\u00bb, Bernaoui a insist\u00e9 \u00ab\u00a0le recours aux voies l\u00e9gales\u00a0\u00bb pour se faire entendre, notamment, en ayant recours au Tribunal arbitral du sport (TAS).<\/p>\n<p>M\u00eame cas de figure pour la F\u00e9d\u00e9ration alg\u00e9rienne de boxe, qui vit une situation de blocage depuis le 26 octobre 2018, et qui s&rsquo;appr\u00eate \u00e0 tenir \u00e0 son tour une assembl\u00e9e g\u00e9n\u00e9rale \u00e9lective d\u00e9but mai.<\/p>\n<p>\u00ab\u00a0L&rsquo;ancien pr\u00e9sident de la FAB, Abdelmadjid Nehassia, dont les activit\u00e9s ont \u00e9t\u00e9 gel\u00e9es suite \u00e0 un d\u00e9saccord avec certains membres de son bureau a finalement \u00e9t\u00e9 innocent\u00e9 par le tribunal de Bir Mourad Ra\u00efs. Il peut donc reprendre ses fonctions comme pr\u00e9sident l\u00e9gitime de l&rsquo;instance\u00a0\u00bb a assur\u00e9 Bernaoui, en soulignant toutefois que \u00ab\u00a0si les membres de\u00a0 l&rsquo;Assemebl\u00e9e ne souhaitent plus travailler avec lui, ils n&rsquo;auront qu&rsquo;\u00e0 provoquer une assembl\u00e9e extraordinaire\u00a0\u00bb.<\/p>\n<hr>\n<p><em><strong>Lire aussi:\u00a0<\/strong><\/em><a href=\"http:\/\/www.aps.dz\/sport\/88670-federation-algerienne-de-cyclisme-kheireddine-barbari-nouveau-president\">F\u00e9d\u00e9ration alg\u00e9rienne de cyclisme : Khe\u00efreddine Barbari nouveau pr\u00e9sident<\/a><\/p>\n<hr>\n<p>En effet, Nehassia n&rsquo;a \u00e9t\u00e9 reconnu coupable d&rsquo;aucune infraction. Il n&rsquo;a \u00e9cop\u00e9 d&rsquo;aucune sanction et n&rsquo;a m\u00eame pas comparu devant le conseil de discipline. D&rsquo;o\u00f9 d&rsquo;ailleurs la d\u00e9cision de la justice de l&rsquo;innocenter.<\/p>\n<p>Initialement programm\u00e9e pour le 29 d\u00e9cembre 2018, l&rsquo;Assembl\u00e9e g\u00e9n\u00e9rale \u00e9lective de la F\u00e9d\u00e9ration de boxe avait \u00e9t\u00e9 report\u00e9e \u00e0 une date ult\u00e9rieure, sur demande de l&rsquo;Association internationale de boxe (AIBA), qui avait demand\u00e9 des explications sur les raisons ayant conduit au rejet des dossiers des candidats Nabil Sadi et Fazil Ferhat.<\/p>\n<p>A ce moment l\u00e0, il y avait sept candidats \u00e0 la pr\u00e9sidence de l&rsquo;instance, \u00e0 savoir : Athmane Lazizi (arbitre international), Abdallah Bessalem (ex-pr\u00e9sident de l&rsquo;instance), Nacer Erraouane (membres du bureau f\u00e9d\u00e9ral), Abdeslam Dra\u00e2 (ex-pr\u00e9sident de l&rsquo;instance), Kaddour Zitouni (repr\u00e9sentant de la Ligue d&rsquo;Oran), Fazil Ferhat (repr\u00e9sentant de la Ligue de Na\u00e2ma) et Babil Sadi (ex-pr\u00e9sident de l&rsquo;instance). Mais la Commission de candidatures avait d\u00e9cid\u00e9 de rejeter les dossiers de Ferhat et Sadi, car d\u00e9clar\u00e9s in\u00e9ligibles par le minist\u00e8re de la Jeunesse et des Sports (MJS).<\/p>\n<p>Seulement, une nouvelle correspondance de l&rsquo;AIBA a donn\u00e9 le feu vert derni\u00e8rement pour l&rsquo;organisation d&rsquo;une AG \u00e9lective d\u00e9but mai prochain, en pr\u00e9sence de tous les candidats, y compris ceux qui ont \u00e9t\u00e9 d\u00e9clar\u00e9s in\u00e9ligibles, comme Nabil Sadi, ex-pr\u00e9sident de la FAB et Fazil Ferhat, ex-membre f\u00e9d\u00e9ral, alors que les membres de l&rsquo;actuel bureau f\u00e9d\u00e9ral poursuivront leur mission, sans \u00eatre concern\u00e9s par cette AG \u00e9lective.<\/p>\n<\/div>\n<p><img loading=\"lazy\" decoding=\"async\" src=\"http:\/\/feeds.feedburner.com\/~r\/aps-sport\/~4\/IyvZpi7sF6M\" height=\"1\" width=\"1\" alt=\"\"><\/div>\n<p>Auteur:<br \/>\n<a href=\"http:\/\/www.aps.dz\/sport\/88798-bernaoui-nous-veillerons-a-l-application-de-la-reglementation-a-toutes-les-federations?utm_source=feedburner&#038;utm_medium=feed&#038;utm_campaign=Feed%3A+aps-sport+%28APS+-+SPORT%29\">Cliquez ici pour lire l&rsquo;article depuis sa source.<\/a><\/p>\n","protected":false},"excerpt":{"rendered":"<p>ALGER &#8211; Le ministre de la Jeunesse et des Sports Raouf Salim Bernaoui a r\u00e9it\u00e9r\u00e9 la d\u00e9termination de sa structure minist\u00e9rielle \u00e0 appliquer la r\u00e9glementation \u00e0 l&rsquo;ensemble des f\u00e9d\u00e9rations sportives, particuli\u00e8rement celles de cyclisme et de boxe, qui sont pass\u00e9es par des moments difficiles derni\u00e8rement, assurant toutefois que ces instances restent autonomes dans leur gestion [&hellip;]<\/p>\n","protected":false},"author":1790,"featured_media":31055,"comment_status":"closed","ping_status":"closed","sticky":false,"template":"","format":"standard","meta":{"fifu_image_url":"","fifu_image_alt":"","footnotes":""},"categories":[53,75],"tags":[],"class_list":["post-31054","post","type-post","status-publish","format-standard","has-post-thumbnail","hentry","category-algerie","category-sport"],"_links":{"self":[{"href":"https:\/\/linitiative.ca\/International\/wp-json\/wp\/v2\/posts\/31054","targetHints":{"allow":["GET"]}}],"collection":[{"href":"https:\/\/linitiative.ca\/International\/wp-json\/wp\/v2\/posts"}],"about":[{"href":"https:\/\/linitiative.ca\/International\/wp-json\/wp\/v2\/types\/post"}],"author":[{"embeddable":true,"href":"https:\/\/linitiative.ca\/International\/wp-json\/wp\/v2\/users\/1790"}],"replies":[{"embeddable":true,"href":"https:\/\/linitiative.ca\/International\/wp-json\/wp\/v2\/comments?post=31054"}],"version-history":[{"count":0,"href":"https:\/\/linitiative.ca\/International\/wp-json\/wp\/v2\/posts\/31054\/revisions"}],"wp:featuredmedia":[{"embeddable":true,"href":"https:\/\/linitiative.ca\/International\/wp-json\/"}],"wp:attachment":[{"href":"https:\/\/linitiative.ca\/International\/wp-json\/wp\/v2\/media?parent=31054"}],"wp:term":[{"taxonomy":"category","embeddable":true,"href":"https:\/\/linitiative.ca\/International\/wp-json\/wp\/v2\/categories?post=31054"},{"taxonomy":"post_tag","embeddable":true,"href":"https:\/\/linitiative.ca\/International\/wp-json\/wp\/v2\/tags?post=31054"}],"curies":[{"name":"wp","href":"https:\/\/api.w.org\/{rel}","templated":true}]}}