{"id":31058,"date":"2019-04-29T12:09:28","date_gmt":"2019-04-29T16:09:28","guid":{"rendered":"https:\/\/linitiative.ca\/International\/88803-lutte-championnats-mediterraneens-decrocher-le-maximum-de-podiums\/"},"modified":"2019-04-29T12:09:28","modified_gmt":"2019-04-29T16:09:28","slug":"88803-lutte-championnats-mediterraneens-decrocher-le-maximum-de-podiums","status":"publish","type":"post","link":"https:\/\/linitiative.ca\/International\/88803-lutte-championnats-mediterraneens-decrocher-le-maximum-de-podiums\/","title":{"rendered":"Lutte\/Championnats m\u00e9diterran\u00e9ens: \u00ab\u00a0d\u00e9crocher le maximum de podiums\u00a0\u00bb"},"content":{"rendered":"<div>\n<div class=\"K2FeedImage\"><img decoding=\"async\" src=\"http:\/\/www.aps.dz\/media\/k2\/items\/cache\/6e4a2096ecedd2b51cbe0649e8142266_S.jpg\" alt=\"Lutte\/Championnats m\u00e9diterran\u00e9ens: \" d le maximum de podiums><\/div>\n<div class=\"K2FeedIntroText\">\n<p><strong>ALGER &#8211; Le directeur technique national (DTN) de la F\u00e9d\u00e9ration alg\u00e9rienne des luttes associ\u00e9es (FALA), Idriss Haoues, a indiqu\u00e9 que l&rsquo;Alg\u00e9rie prendra part aux 4es championnats m\u00e9diterran\u00e9ens (cadets, U-23), pr\u00e9vus du 1er au 6 mai \u00e0 Tunis, avec l&rsquo;objectif de d\u00e9crocher des podiums dans toutes les cat\u00e9gories.<\/strong><\/p>\n<\/div>\n<div class=\"K2FeedFullText\">\n<p>\u00ab\u00a0Nos lutteurs prendront part \u00e0 cet \u00e9v\u00e8nement m\u00e9diterran\u00e9en pour tenter de d\u00e9crocher des m\u00e9dailles dans toutes les cat\u00e9gories et les styles. Notre objectif est de repr\u00e9senter dignement les couleurs nationales et ramener le maximum de m\u00e9dailles devant des lutteurs tunisiens et grecs qui seront pr\u00e9sents en force dans cette comp\u00e9tition, sans oublier l&rsquo;Egypte qui mise sur ses jeunes cadets\u00a0\u00bb, a d\u00e9clar\u00e9 \u00e0 l&rsquo;APS, Idriss Haoues.<\/p>\n<p>Les s\u00e9lections alg\u00e9riennes ont effectu\u00e9 plusieurs stages au Centre de regroupement des \u00e9quipes nationales \u00e0 Sou\u00efdania (Alger) pour pr\u00e9parer le rendez-vous m\u00e9diterran\u00e9en dans les meilleures conditions et \u00e9valuer les capacit\u00e9s physiques de chaque lutteur.<\/p>\n<blockquote>\n<p><em><strong>\u00ab\u00a0A l&rsquo;issue des championnats d&rsquo;Afrique de Hammamet (Tunisie) o\u00f9 nous avions d\u00e9croch\u00e9 50 m\u00e9dailles (13 or, 21 argent et 16 bronze), les s\u00e9lections alg\u00e9riennes de diff\u00e9rentes cat\u00e9gories ont repris le travail \u00e0 travers des stages continus organis\u00e9s \u00e0 Alger ayant permis aux staffs techniques de corriger les lacunes constat\u00e9es, afin de pouvoir faire bonne figure au rendez-vous de Tunis\u00a0\u00bb, a-t-il ajout\u00e9.<\/strong><\/em><\/p>\n<\/blockquote>\n<p>Pour ce rendez-vous, les yeux seront braqu\u00e9s sur les plus connus, \u00e0 savoir Fateh Benferdjallah, Fares Lakel, Merabet Abdelmalek et Mohamed Fardj. Toutefois, d&rsquo;autres jeunes de la cat\u00e9gorie des cadets peuvent \u00e9merger et r\u00e9aliser de bons r\u00e9sultats.<\/p>\n<p>\u00ab\u00a0Nous avons les cadres de la s\u00e9lection nationale (seniors) qui peuvent ramener des m\u00e9dailles en vermeil \u00e0 l&rsquo;Alg\u00e9rie, eux qui ont particip\u00e9 aux Jeux m\u00e9diterran\u00e9ens de Tarragone en Espagne, sans oublier les cadets qui se sont illustr\u00e9s \u00e0 Hammamet et qui vont profiter de cette comp\u00e9tition pour pr\u00e9parer les prochaines \u00e9ch\u00e9ances dont les championnats du monde\u00a0\u00bb, a expliqu\u00e9 Haoues.<\/p>\n<p>L&rsquo;Alg\u00e9rie sera repr\u00e9sent\u00e9e au rendez-vous m\u00e9diterran\u00e9en de Tunis avec une s\u00e9lection compos\u00e9e de 41 athl\u00e8tes dont 18 juniors (14 gar\u00e7ons et 4 filles) et 23 cadets (15 gar\u00e7ons et 8 filles).<\/p>\n<p>Le Comit\u00e9 m\u00e9diterran\u00e9en des luttes associ\u00e9es (CMLA) organise en marge de la comp\u00e9tition son congr\u00e8s, en pr\u00e9sence du pr\u00e9sident de la FALA, Rabah Chebbah.<\/p>\n<\/div>\n<p><img loading=\"lazy\" decoding=\"async\" src=\"http:\/\/feeds.feedburner.com\/~r\/aps-sport\/~4\/-MVzAkC5maw\" height=\"1\" width=\"1\" alt=\"\"><\/div>\n<p>Auteur:<br \/>\n<a href=\"http:\/\/www.aps.dz\/sport\/88803-lutte-championnats-mediterraneens-decrocher-le-maximum-de-podiums?utm_source=feedburner&#038;utm_medium=feed&#038;utm_campaign=Feed%3A+aps-sport+%28APS+-+SPORT%29\">Cliquez ici pour lire l&rsquo;article depuis sa source.<\/a><\/p>\n","protected":false},"excerpt":{"rendered":"<p>ALGER &#8211; Le directeur technique national (DTN) de la F\u00e9d\u00e9ration alg\u00e9rienne des luttes associ\u00e9es (FALA), Idriss Haoues, a indiqu\u00e9 que l&rsquo;Alg\u00e9rie prendra part aux 4es championnats m\u00e9diterran\u00e9ens (cadets, U-23), pr\u00e9vus du 1er au 6 mai \u00e0 Tunis, avec l&rsquo;objectif de d\u00e9crocher des podiums dans toutes les cat\u00e9gories. \u00ab\u00a0Nos lutteurs prendront part \u00e0 cet \u00e9v\u00e8nement m\u00e9diterran\u00e9en [&hellip;]<\/p>\n","protected":false},"author":1790,"featured_media":31059,"comment_status":"closed","ping_status":"closed","sticky":false,"template":"","format":"standard","meta":{"fifu_image_url":"","fifu_image_alt":"","footnotes":""},"categories":[53,75],"tags":[],"class_list":["post-31058","post","type-post","status-publish","format-standard","has-post-thumbnail","hentry","category-algerie","category-sport"],"_links":{"self":[{"href":"https:\/\/linitiative.ca\/International\/wp-json\/wp\/v2\/posts\/31058","targetHints":{"allow":["GET"]}}],"collection":[{"href":"https:\/\/linitiative.ca\/International\/wp-json\/wp\/v2\/posts"}],"about":[{"href":"https:\/\/linitiative.ca\/International\/wp-json\/wp\/v2\/types\/post"}],"author":[{"embeddable":true,"href":"https:\/\/linitiative.ca\/International\/wp-json\/wp\/v2\/users\/1790"}],"replies":[{"embeddable":true,"href":"https:\/\/linitiative.ca\/International\/wp-json\/wp\/v2\/comments?post=31058"}],"version-history":[{"count":0,"href":"https:\/\/linitiative.ca\/International\/wp-json\/wp\/v2\/posts\/31058\/revisions"}],"wp:featuredmedia":[{"embeddable":true,"href":"https:\/\/linitiative.ca\/International\/wp-json\/"}],"wp:attachment":[{"href":"https:\/\/linitiative.ca\/International\/wp-json\/wp\/v2\/media?parent=31058"}],"wp:term":[{"taxonomy":"category","embeddable":true,"href":"https:\/\/linitiative.ca\/International\/wp-json\/wp\/v2\/categories?post=31058"},{"taxonomy":"post_tag","embeddable":true,"href":"https:\/\/linitiative.ca\/International\/wp-json\/wp\/v2\/tags?post=31058"}],"curies":[{"name":"wp","href":"https:\/\/api.w.org\/{rel}","templated":true}]}}