{"id":31062,"date":"2019-04-29T13:58:00","date_gmt":"2019-04-29T17:58:00","guid":{"rendered":"https:\/\/linitiative.ca\/International\/tiaret-86-migrants-subsahariens-reconduits-aux-frontieres\/"},"modified":"2019-04-29T13:58:00","modified_gmt":"2019-04-29T17:58:00","slug":"tiaret-86-migrants-subsahariens-reconduits-aux-frontieres","status":"publish","type":"post","link":"https:\/\/linitiative.ca\/International\/tiaret-86-migrants-subsahariens-reconduits-aux-frontieres\/","title":{"rendered":"TIARET : 86 migrants  subsahariens  reconduits aux fronti\u00e8res"},"content":{"rendered":"<p><br id=\"sep_para_1\" class=\"sep_para access\"\/><\/p>\n<div id=\"para_1\" class=\"para_30679366 resize\">\n<div class=\"texte access firstletter\">Le journal \u00abR\u00e9flexion\u00a0\u00bb vient d&rsquo;apprendre aupr\u00e8s de sources s\u00e9curitaires, que 86 migrants clandestins dont des familles et qui sont originaires de plusieurs pays (Gambie, Cameroun, S\u00e9n\u00e9gal, Niger&#8230;etc.,) ont \u00e9t\u00e9 escort\u00e9s par des brigades sp\u00e9cialis\u00e9es, relevant de la gendarmerie nationale\u00a0 et refoul\u00e9s vers les fronti\u00e8res \u00e0 partir de la wilaya de Laghouat. Nos sources indiquent que ce grand convoi est compos\u00e9 de 2 vagues qui ont \u00e9t\u00e9 arr\u00eat\u00e9es \u00e0 Oran, Mascara et Tiaret et dont le nombre total serait de l&rsquo;ordre de 86 personnes de 17 nationalit\u00e9s africaines et lesquels ont rejoint les villes alg\u00e9riennes clandestinement et ne poss\u00e8dent aucune documentation justifiant leur s\u00e9jour. Dans le m\u00eame contexte, plusieurs autres migrants africains se sont embauch\u00e9s dans la main d&rsquo;oeuvre au niveau des projets de construction en cours de r\u00e9alisation et d&rsquo;autres ont pr\u00e9f\u00e9r\u00e9 rejoindre les champs d&rsquo;agriculture, cependant 50% des ces migrants clandestins survivent \u00e0 partir de la mendicit\u00e9 qu&rsquo;ils exercent \u00e0 longueur de journ\u00e9e.\u00a0\u00a0\u00a0\u00a0\u00a0\u00a0\u00a0\u00a0\u00a0\u00a0\u00a0\u00a0\u00a0\u00a0\u00a0\u00a0\u00a0\u00a0\u00a0\u00a0\u00a0\u00a0\u00a0\u00a0\u00a0\u00a0\u00a0\u00a0\u00a0\u00a0\u00a0\u00a0\u00a0\u00a0\u00a0\u00a0\u00a0<\/div>\n<\/div>\n<p>Auteur: A. Benrebiha<br \/>\n<a href=\"https:\/\/www.reflexiondz.net\/TIARET-86-migrants-subsahariens-reconduits-aux-frontieres_a55625.html\">Cliquez ici pour lire l&rsquo;article depuis sa source.<\/a><\/p>\n","protected":false},"excerpt":{"rendered":"<p>Le journal \u00abR\u00e9flexion\u00a0\u00bb vient d&rsquo;apprendre aupr\u00e8s de sources s\u00e9curitaires, que 86 migrants clandestins dont des familles et qui sont originaires de plusieurs pays (Gambie, Cameroun, S\u00e9n\u00e9gal, Niger&#8230;etc.,) ont \u00e9t\u00e9 escort\u00e9s par des brigades sp\u00e9cialis\u00e9es, relevant de la gendarmerie nationale\u00a0 et refoul\u00e9s vers les fronti\u00e8res \u00e0 partir de la wilaya de Laghouat. Nos sources indiquent que [&hellip;]<\/p>\n","protected":false},"author":1740,"featured_media":0,"comment_status":"closed","ping_status":"closed","sticky":false,"template":"","format":"standard","meta":{"fifu_image_url":"","fifu_image_alt":"","footnotes":""},"categories":[53,76],"tags":[],"class_list":["post-31062","post","type-post","status-publish","format-standard","hentry","category-algerie","category-regions"],"_links":{"self":[{"href":"https:\/\/linitiative.ca\/International\/wp-json\/wp\/v2\/posts\/31062","targetHints":{"allow":["GET"]}}],"collection":[{"href":"https:\/\/linitiative.ca\/International\/wp-json\/wp\/v2\/posts"}],"about":[{"href":"https:\/\/linitiative.ca\/International\/wp-json\/wp\/v2\/types\/post"}],"author":[{"embeddable":true,"href":"https:\/\/linitiative.ca\/International\/wp-json\/wp\/v2\/users\/1740"}],"replies":[{"embeddable":true,"href":"https:\/\/linitiative.ca\/International\/wp-json\/wp\/v2\/comments?post=31062"}],"version-history":[{"count":0,"href":"https:\/\/linitiative.ca\/International\/wp-json\/wp\/v2\/posts\/31062\/revisions"}],"wp:attachment":[{"href":"https:\/\/linitiative.ca\/International\/wp-json\/wp\/v2\/media?parent=31062"}],"wp:term":[{"taxonomy":"category","embeddable":true,"href":"https:\/\/linitiative.ca\/International\/wp-json\/wp\/v2\/categories?post=31062"},{"taxonomy":"post_tag","embeddable":true,"href":"https:\/\/linitiative.ca\/International\/wp-json\/wp\/v2\/tags?post=31062"}],"curies":[{"name":"wp","href":"https:\/\/api.w.org\/{rel}","templated":true}]}}