{"id":31065,"date":"2019-04-29T14:51:00","date_gmt":"2019-04-29T18:51:00","guid":{"rendered":"https:\/\/linitiative.ca\/International\/baccalaureat-2019-les-parents-deleves-appellent-a-une-2eme-session\/"},"modified":"2019-04-29T14:51:00","modified_gmt":"2019-04-29T18:51:00","slug":"baccalaureat-2019-les-parents-deleves-appellent-a-une-2eme-session","status":"publish","type":"post","link":"https:\/\/linitiative.ca\/International\/baccalaureat-2019-les-parents-deleves-appellent-a-une-2eme-session\/","title":{"rendered":"BACCALAUREAT 2019 : Les parents d&rsquo;\u00e9l\u00e8ves appellent \u00e0 une 2\u00e8me session"},"content":{"rendered":"<p><br id=\"sep_para_1\" class=\"sep_para access\"\/><\/p>\n<div id=\"para_1\" class=\"para_30680039 resize\">\n<div class=\"texte access firstletter\">L&rsquo;association nationale des parents d&rsquo;\u00e9l\u00e8ves a appel\u00e9, ce dimanche, le minist\u00e8re de l&rsquo;Education nationale \u00e0 \u00ab\u00a0r\u00e9fl\u00e9chir\u00a0\u00bb \u00e0 l&rsquo;organisation d&rsquo;une deuxi\u00e8me session du baccalaur\u00e9at pour cette ann\u00e9e, et ce compte tenu de la \u00ab\u00a0conjoncture exceptionnelle que traverse le pays\u00a0\u00bb. L&rsquo;association a \u00ab\u00a0exhort\u00e9 le minist\u00e8re de l&rsquo;Education \u00e0 r\u00e9fl\u00e9chir \u00e0 l&rsquo;organisation d&rsquo;une deuxi\u00e8me session du baccalaur\u00e9at cette ann\u00e9e, et ce compte tenu de la conjoncture exceptionnelle que traverse le pays et ses r\u00e9percussions directes sur le moral des \u00e9l\u00e8ves et leur r\u00e9ussite scolaire\u00a0\u00bb, a indiqu\u00e9 un communiqu\u00e9 de l&rsquo;association. L&rsquo;association a estim\u00e9 que cette suggestion, si valid\u00e9e, devra \u00ab\u00a0rassurer les parents d&rsquo;\u00e9l\u00e8ves, \u00e9tant un facteur essentiel qui contribue \u00e0 l&rsquo;\u00e9dification du maillon de coordination entre les partenaires de la communaut\u00e9 \u00e9ducative et les parents d&rsquo;\u00e9l\u00e8ves qui aspirent \u00e0 r\u00e9aliser l&rsquo;int\u00e9r\u00eat de l&rsquo;\u00e9l\u00e8ve\u00a0\u00bb.\u00a0\u00a0\u00a0\u00a0\u00a0\u00a0<\/div>\n<\/div>\n<p>Auteur: Nadine<br \/>\n<a href=\"https:\/\/www.reflexiondz.net\/BACCALAUREAT-2019-Les-parents-d-eleves-appellent-a-une-2eme-session_a55638.html\">Cliquez ici pour lire l&rsquo;article depuis sa source.<\/a><\/p>\n","protected":false},"excerpt":{"rendered":"<p>L&rsquo;association nationale des parents d&rsquo;\u00e9l\u00e8ves a appel\u00e9, ce dimanche, le minist\u00e8re de l&rsquo;Education nationale \u00e0 \u00ab\u00a0r\u00e9fl\u00e9chir\u00a0\u00bb \u00e0 l&rsquo;organisation d&rsquo;une deuxi\u00e8me session du baccalaur\u00e9at pour cette ann\u00e9e, et ce compte tenu de la \u00ab\u00a0conjoncture exceptionnelle que traverse le pays\u00a0\u00bb. L&rsquo;association a \u00ab\u00a0exhort\u00e9 le minist\u00e8re de l&rsquo;Education \u00e0 r\u00e9fl\u00e9chir \u00e0 l&rsquo;organisation d&rsquo;une deuxi\u00e8me session du baccalaur\u00e9at cette [&hellip;]<\/p>\n","protected":false},"author":1740,"featured_media":0,"comment_status":"closed","ping_status":"closed","sticky":false,"template":"","format":"standard","meta":{"fifu_image_url":"","fifu_image_alt":"","footnotes":""},"categories":[53,76],"tags":[],"class_list":["post-31065","post","type-post","status-publish","format-standard","hentry","category-algerie","category-regions"],"_links":{"self":[{"href":"https:\/\/linitiative.ca\/International\/wp-json\/wp\/v2\/posts\/31065","targetHints":{"allow":["GET"]}}],"collection":[{"href":"https:\/\/linitiative.ca\/International\/wp-json\/wp\/v2\/posts"}],"about":[{"href":"https:\/\/linitiative.ca\/International\/wp-json\/wp\/v2\/types\/post"}],"author":[{"embeddable":true,"href":"https:\/\/linitiative.ca\/International\/wp-json\/wp\/v2\/users\/1740"}],"replies":[{"embeddable":true,"href":"https:\/\/linitiative.ca\/International\/wp-json\/wp\/v2\/comments?post=31065"}],"version-history":[{"count":0,"href":"https:\/\/linitiative.ca\/International\/wp-json\/wp\/v2\/posts\/31065\/revisions"}],"wp:attachment":[{"href":"https:\/\/linitiative.ca\/International\/wp-json\/wp\/v2\/media?parent=31065"}],"wp:term":[{"taxonomy":"category","embeddable":true,"href":"https:\/\/linitiative.ca\/International\/wp-json\/wp\/v2\/categories?post=31065"},{"taxonomy":"post_tag","embeddable":true,"href":"https:\/\/linitiative.ca\/International\/wp-json\/wp\/v2\/tags?post=31065"}],"curies":[{"name":"wp","href":"https:\/\/api.w.org\/{rel}","templated":true}]}}