{"id":31066,"date":"2019-04-29T14:51:00","date_gmt":"2019-04-29T18:51:00","guid":{"rendered":"https:\/\/linitiative.ca\/International\/le-1er-mai-jour-sans-fete\/"},"modified":"2019-04-29T14:51:00","modified_gmt":"2019-04-29T18:51:00","slug":"le-1er-mai-jour-sans-fete","status":"publish","type":"post","link":"https:\/\/linitiative.ca\/International\/le-1er-mai-jour-sans-fete\/","title":{"rendered":"Le 1er mai,  jour sans f\u00eate \u2026"},"content":{"rendered":"<p><br id=\"sep_para_1\" class=\"sep_para access\"\/><\/p>\n<div id=\"para_1\" class=\"para_30680032 resize\">\n<div class=\"texte access firstletter\">Cette ann\u00e9e en Alg\u00e9rie, le premier mai sans f\u00eate, ni fleurs, probablement marqu\u00e9 par le mouvement du \u2018\u2019Hirak\u2019\u2019 aspirant au changement de tout un syst\u00e8me, serait peut-\u00eatre tr\u00e8s loin de l\u2019animation d\u2019autrefois, loin des jolies traditions qui \u00e9taient en usage,\u00a0 loin des d\u00e9fil\u00e9s des chars fleuris, loin\u00a0 des marathons, loin des collations, des r\u00e9ceptions et autres c\u00e9l\u00e9brations organis\u00e9es par les syndicats d\u2019antan&#8230;<br \/>Avec un mouvement du \u2018\u2019Hirak\u2019\u2019 qui semble se prolonger pour ne point s\u2019arr\u00eater\u2026, le 1er Mai ne susciterait plus l\u2019int\u00e9r\u00eat des Alg\u00e9riens, notamment les travailleurs en cette p\u00e9riode de transition et de contestations\u2026.<br \/>Ce jour sans f\u00eate ni fleurs serait d\u00e9di\u00e9 aux travailleurs alg\u00e9riens dont le pas se franchit peu \u00e0 peu selon un\u00a0 rythme qui s\u2019associe probablement avec la conjoncture politique imm\u00e9diate actuelle que traverse le pays, sans pour autant omettre d\u2019aborder l\u2019\u00e9pineuse probl\u00e9matique de la lutte contre le ch\u00f4mage, notamment celui des jeunes.<br \/>M\u00e9morable, symbole des luttes sociales, des mouvements ouvriers, retenue par les syndicats du monde entier comme journ\u00e9e internationale de revendications et de solidarit\u00e9, le 1er mai, on\u00a0 le doit\u00a0 surtout aux ouvriers am\u00e9ricains de Chicago (Am\u00e9rique 1886.)<br \/>\u00a0Le 1er mai c\u2019est quand m\u00eame une f\u00eate qui vient rappeler \u00e0 notre m\u00e9moire collective l\u2019importance que rev\u00eat le travail dans la vie de chacun individuellement et collectivement, il se veut \u00e9galement \u00eatre une journ\u00e9e d\u2019hommages aux citoyens manifestants alg\u00e9riens r\u00e9prim\u00e9s par la France coloniale il y a 74 ans, une semaine avant les massacres du 8 mai 1945\u2026 \u00a0<br \/>En Alg\u00e9rie, le 1 er mai c\u2019est encore le grand martyr Aissat Idir, un symbole de la lutte arm\u00e9e et la figure la plus marquante du mouvement national et syndicaliste alg\u00e9rien. Le 1er mai, c\u2019est aussi Abdelhak Benhamouda , le chahid l\u2019un de ces grands valeureux nationalistes, qui ont sacrifi\u00e9 leur vie pour l\u2019Alg\u00e9rie \u00bb. \u2026<br \/>Le 1er mai c\u2019est tous les grands hommes qui ont combattu pour un id\u00e9al. C\u2019est pourquoi il convient de les honorer par nos paroles, nos pens\u00e9es, nos actes, surtout nos pri\u00e8res, par la sauvegarde de notre identit\u00e9, notre religion, nos coutumes et belles traditions\u2026.<br \/>En ce jour d\u2019histoire et de r\u00e9miniscence, le monde du travail Alg\u00e9rien a appris de ces hommes ce qu\u2019il y a de plus beau de plus meilleur entre autres, la sagesse, la grandeur d\u2019esprit, la patience,\u2026. Il a aussi appris \u00e0\u00a0 esp\u00e9rer un avenir plus meilleur\u00a0 dans un monde plus juste, plus \u00e9quitable, et de croire \u00e0 la chance, \u00e0 la prosp\u00e9rit\u00e9.<\/div>\n<\/div>\n<p>Auteur: B. Adda<br \/>\n<a href=\"https:\/\/www.reflexiondz.net\/Le-1er-mai-jour-sans-fete_a55637.html\">Cliquez ici pour lire l&rsquo;article depuis sa source.<\/a><\/p>\n","protected":false},"excerpt":{"rendered":"<p>Cette ann\u00e9e en Alg\u00e9rie, le premier mai sans f\u00eate, ni fleurs, probablement marqu\u00e9 par le mouvement du \u2018\u2019Hirak\u2019\u2019 aspirant au changement de tout un syst\u00e8me, serait peut-\u00eatre tr\u00e8s loin de l\u2019animation d\u2019autrefois, loin des jolies traditions qui \u00e9taient en usage,\u00a0 loin des d\u00e9fil\u00e9s des chars fleuris, loin\u00a0 des marathons, loin des collations, des r\u00e9ceptions et [&hellip;]<\/p>\n","protected":false},"author":1740,"featured_media":0,"comment_status":"closed","ping_status":"closed","sticky":false,"template":"","format":"standard","meta":{"fifu_image_url":"","fifu_image_alt":"","footnotes":""},"categories":[53,76],"tags":[],"class_list":["post-31066","post","type-post","status-publish","format-standard","hentry","category-algerie","category-regions"],"_links":{"self":[{"href":"https:\/\/linitiative.ca\/International\/wp-json\/wp\/v2\/posts\/31066","targetHints":{"allow":["GET"]}}],"collection":[{"href":"https:\/\/linitiative.ca\/International\/wp-json\/wp\/v2\/posts"}],"about":[{"href":"https:\/\/linitiative.ca\/International\/wp-json\/wp\/v2\/types\/post"}],"author":[{"embeddable":true,"href":"https:\/\/linitiative.ca\/International\/wp-json\/wp\/v2\/users\/1740"}],"replies":[{"embeddable":true,"href":"https:\/\/linitiative.ca\/International\/wp-json\/wp\/v2\/comments?post=31066"}],"version-history":[{"count":0,"href":"https:\/\/linitiative.ca\/International\/wp-json\/wp\/v2\/posts\/31066\/revisions"}],"wp:attachment":[{"href":"https:\/\/linitiative.ca\/International\/wp-json\/wp\/v2\/media?parent=31066"}],"wp:term":[{"taxonomy":"category","embeddable":true,"href":"https:\/\/linitiative.ca\/International\/wp-json\/wp\/v2\/categories?post=31066"},{"taxonomy":"post_tag","embeddable":true,"href":"https:\/\/linitiative.ca\/International\/wp-json\/wp\/v2\/tags?post=31066"}],"curies":[{"name":"wp","href":"https:\/\/api.w.org\/{rel}","templated":true}]}}