{"id":31067,"date":"2019-04-29T14:51:00","date_gmt":"2019-04-29T18:51:00","guid":{"rendered":"https:\/\/linitiative.ca\/International\/lancien-ministre-de-la-defense-brise-le-silence-khaled-nezzar-charge-said-bouteflika\/"},"modified":"2019-04-29T14:51:00","modified_gmt":"2019-04-29T18:51:00","slug":"lancien-ministre-de-la-defense-brise-le-silence-khaled-nezzar-charge-said-bouteflika","status":"publish","type":"post","link":"https:\/\/linitiative.ca\/International\/lancien-ministre-de-la-defense-brise-le-silence-khaled-nezzar-charge-said-bouteflika\/","title":{"rendered":"L\u2019ANCIEN MINISTRE DE LA DEFENSE BRISE LE SILENCE : Khaled Nezzar charge  Sa\u00efd Bouteflika"},"content":{"rendered":"<p><br id=\"sep_para_1\" class=\"sep_para access\"\/><\/p>\n<div id=\"para_1\" class=\"para_30680027 resize\">\n<div class=\"texte access firstletter\">En effet, le t\u00e9moignage apport\u00e9 ce lundi par le g\u00e9n\u00e9ral \u00e0 la retraite Khaled Nezzar sur les derni\u00e8res man\u0153uvres et manigances du fr\u00e8re cadet de l\u2019ex Pr\u00e9sident de la R\u00e9publique, Sa\u00efd, pour garder le pouvoir, est gla\u00e7ant. Il y d\u00e9crit un homme sans \u00e9tats d\u2019\u00e2me, et absolument d\u00e9cid\u00e9 \u00e0 tout entreprendre pour \u00e9viter que le destin du pays ne lui \u00e9chappe sous la pression sans cesse grandissante du mouvement populaire.\u00a0 Et pour ce faire, Khaled Nezzar d\u00e9peint Sa\u00efd Bouteflika dans une posture d\u2019un homme machiav\u00e9lique pr\u00eat \u00e0 tout ; quitte \u00e0 d\u00e9cr\u00e9ter l\u2019\u00e9tat d\u2019urgence ou l\u2019\u00e9tat de si\u00e8ge ! La majorit\u00e9 des alg\u00e9riens savaient que c\u2019est cet homme fr\u00eale et fragile qui g\u00e9rait le pays au moins depuis 2013 \u00e0 la place de son fr\u00e8re de Pr\u00e9sident qu\u2019il a fait \u00e9lire sur un fauteuil roulant.\u00a0 Mais c\u2019est la premi\u00e8re que cette conviction est confirm\u00e9e solennellement et publiquement par un personnage de la trempe de Khaled Nezzar. \u00ab Pour l\u2019histoire, j\u2019aimerais apporter un t\u00e9moignage pour dire jusqu\u2019o\u00f9 \u00e9tait d\u00e9cid\u00e9 \u00e0 aller cet homme qui ne voulait pas comprendre, qui ne voulait pas imaginer, que le rideau \u00e9tait d\u00e9finitivement tomb\u00e9 \u00bb, \u00e9crit Khaled Nezzar qui r\u00e9v\u00e8le avoir \u00e9chang\u00e9 avec Said Bouteflika \u00e0 deux reprises depuis le d\u00e9but du mouvement populaire : le 7 mars puis le 30 du m\u00eame mois. Lors de la premi\u00e8re rencontre, Khaled Nezzar d\u00e9crit son interlocuteur comme un \u00ab homme visiblement dans le d\u00e9sarroi \u00bb. Il affirme avoir conseill\u00e9 \u00e0 Sa\u00efd Bouteflika de r\u00e9pondre aux demandes des manifestants. \u00ab Je lui dis : \u00e9tant donn\u00e9 que le peuple ne veut pas d\u2019un cinqui\u00e8me mandat, qu\u2019il veut aller \u00e0 une deuxi\u00e8me R\u00e9publique et qu\u2019il rejette les membres de la classe politique en charge actuellement de responsabilit\u00e9s, j\u2019estime qu\u2019il faut r\u00e9pondre \u00e0 ses demandes \u00bb, \u00e9crit-il, lui sugg\u00e9rant d\u2019\u00e9tudier deux propositions. \u00ab La premi\u00e8re proposition : \u2013 Prendre comme base de travail la lettre du pr\u00e9sident qui parle de conf\u00e9rence nationale, la compl\u00e9ter en pr\u00e9cisant les d\u00e9lais quant \u00e0 sa dur\u00e9e de vie ; \u2013 Donner la date exacte du d\u00e9part du pr\u00e9sident qui ne devrait pas exc\u00e9der 6 \u00e0 9 mois : \u2013 Remplacer l\u2019\u00e9quipe gouvernementale actuelle par un gouvernement de technocrates \u00bb, poursuit Khaled Nezzar. \u00ab La seconde proposition, la plus raisonnable : \u2013 Que le pr\u00e9sident se retire soit par d\u00e9mission, soit par invalidation par le Conseil constitutionnel ; Parall\u00e8lement : \u2013 D\u00e9signation d\u2019un gouvernement de technocrates ; \u2013 Cr\u00e9ation de plusieurs commissions ind\u00e9pendantes qui seraient comp\u00e9tentes pour pr\u00e9parer les futures \u00e9lections et mettraient en place les instruments pour aller vers la deuxi\u00e8me R\u00e9publique \u00bb, ajoute l\u2019ancien ministre de la D\u00e9fense. Khaled Nezzar explique avoir conseill\u00e9 \u00e0 Sa\u00efd Bouteflika d\u2019appliquer \u00ab l\u2019article 7 r\u00e9clam\u00e9 par le hirak et la d\u00e9signation de membres de la soci\u00e9t\u00e9 civile repr\u00e9sentatifs pour assurer la transition et, ensuite, faire savoir imm\u00e9diatement apr\u00e8s que le pr\u00e9sident se retirait \u00bb. Mais le pr\u00e9sident et son fr\u00e8re auraient refus\u00e9 de le faire.<\/div>\n<\/div>\n<p>Auteur: Ismain<br \/>\n<a href=\"https:\/\/www.reflexiondz.net\/L-ANCIEN-MINISTRE-DE-LA-DEFENSE-BRISE-LE-SILENCE-Khaled-Nezzar-charge-Said-Bouteflika_a55636.html\">Cliquez ici pour lire l&rsquo;article depuis sa source.<\/a><\/p>\n","protected":false},"excerpt":{"rendered":"<p>En effet, le t\u00e9moignage apport\u00e9 ce lundi par le g\u00e9n\u00e9ral \u00e0 la retraite Khaled Nezzar sur les derni\u00e8res man\u0153uvres et manigances du fr\u00e8re cadet de l\u2019ex Pr\u00e9sident de la R\u00e9publique, Sa\u00efd, pour garder le pouvoir, est gla\u00e7ant. Il y d\u00e9crit un homme sans \u00e9tats d\u2019\u00e2me, et absolument d\u00e9cid\u00e9 \u00e0 tout entreprendre pour \u00e9viter que le [&hellip;]<\/p>\n","protected":false},"author":1740,"featured_media":0,"comment_status":"closed","ping_status":"closed","sticky":false,"template":"","format":"standard","meta":{"fifu_image_url":"","fifu_image_alt":"","footnotes":""},"categories":[53,76],"tags":[],"class_list":["post-31067","post","type-post","status-publish","format-standard","hentry","category-algerie","category-regions"],"_links":{"self":[{"href":"https:\/\/linitiative.ca\/International\/wp-json\/wp\/v2\/posts\/31067","targetHints":{"allow":["GET"]}}],"collection":[{"href":"https:\/\/linitiative.ca\/International\/wp-json\/wp\/v2\/posts"}],"about":[{"href":"https:\/\/linitiative.ca\/International\/wp-json\/wp\/v2\/types\/post"}],"author":[{"embeddable":true,"href":"https:\/\/linitiative.ca\/International\/wp-json\/wp\/v2\/users\/1740"}],"replies":[{"embeddable":true,"href":"https:\/\/linitiative.ca\/International\/wp-json\/wp\/v2\/comments?post=31067"}],"version-history":[{"count":0,"href":"https:\/\/linitiative.ca\/International\/wp-json\/wp\/v2\/posts\/31067\/revisions"}],"wp:attachment":[{"href":"https:\/\/linitiative.ca\/International\/wp-json\/wp\/v2\/media?parent=31067"}],"wp:term":[{"taxonomy":"category","embeddable":true,"href":"https:\/\/linitiative.ca\/International\/wp-json\/wp\/v2\/categories?post=31067"},{"taxonomy":"post_tag","embeddable":true,"href":"https:\/\/linitiative.ca\/International\/wp-json\/wp\/v2\/tags?post=31067"}],"curies":[{"name":"wp","href":"https:\/\/api.w.org\/{rel}","templated":true}]}}