{"id":31068,"date":"2019-04-29T14:52:00","date_gmt":"2019-04-29T18:52:00","guid":{"rendered":"https:\/\/linitiative.ca\/International\/batna-decouverte-dune-ceinture-explosive\/"},"modified":"2019-04-29T14:52:00","modified_gmt":"2019-04-29T18:52:00","slug":"batna-decouverte-dune-ceinture-explosive","status":"publish","type":"post","link":"https:\/\/linitiative.ca\/International\/batna-decouverte-dune-ceinture-explosive\/","title":{"rendered":"BATNA : D\u00e9couverte d&rsquo;une  ceinture explosive"},"content":{"rendered":"<p><br id=\"sep_para_1\" class=\"sep_para access\"\/><\/p>\n<div id=\"para_1\" class=\"para_30680049 resize\">\n<div class=\"texte access firstletter\">Une \u00ab\u00a0ceinture explosive pr\u00eate \u00e0 \u00eatre utilis\u00e9e\u00a0\u00bb a \u00e9t\u00e9 d\u00e9couverte ce dimanche \u00e0 Batna par un d\u00e9tachement de l\u2019Arm\u00e9e nationale populaire (ANP), en coordination avec des \u00e9l\u00e9ments de la Gendarmerie nationale, a indiqu\u00e9 ce lundi le minist\u00e8re de la D\u00e9fense nationale (MDN) dans un communiqu\u00e9. \u00ab\u00a0Dans le cadre de la lutte antiterroriste, un d\u00e9tachement de l\u2019Arm\u00e9e nationale populaire, en coordination avec des \u00e9l\u00e9ments de la Gendarmerie nationale a d\u00e9couvert, le 28 avril 2019, lors d\u2019une patrouille de fouille et de recherche men\u00e9e pr\u00e8s de la commune de Oued Chaaba, au sud-est de Batna (5\u00e8me RM), un sac \u00e0 dos contenant une ceinture explosive pr\u00eate \u00e0 \u00eatre utilis\u00e9e, et qui a \u00e9t\u00e9 d\u00e9truite sur place\u00a0\u00bb, a pr\u00e9cis\u00e9 la m\u00eame source.\u00a0<\/div>\n<\/div>\n<p>Auteur: Ismain<br \/>\n<a href=\"https:\/\/www.reflexiondz.net\/BATNA-Decouverte-d-une-ceinture-explosive_a55640.html\">Cliquez ici pour lire l&rsquo;article depuis sa source.<\/a><\/p>\n","protected":false},"excerpt":{"rendered":"<p>Une \u00ab\u00a0ceinture explosive pr\u00eate \u00e0 \u00eatre utilis\u00e9e\u00a0\u00bb a \u00e9t\u00e9 d\u00e9couverte ce dimanche \u00e0 Batna par un d\u00e9tachement de l\u2019Arm\u00e9e nationale populaire (ANP), en coordination avec des \u00e9l\u00e9ments de la Gendarmerie nationale, a indiqu\u00e9 ce lundi le minist\u00e8re de la D\u00e9fense nationale (MDN) dans un communiqu\u00e9. \u00ab\u00a0Dans le cadre de la lutte antiterroriste, un d\u00e9tachement de [&hellip;]<\/p>\n","protected":false},"author":1740,"featured_media":0,"comment_status":"closed","ping_status":"closed","sticky":false,"template":"","format":"standard","meta":{"fifu_image_url":"","fifu_image_alt":"","footnotes":""},"categories":[53,76],"tags":[],"class_list":["post-31068","post","type-post","status-publish","format-standard","hentry","category-algerie","category-regions"],"_links":{"self":[{"href":"https:\/\/linitiative.ca\/International\/wp-json\/wp\/v2\/posts\/31068","targetHints":{"allow":["GET"]}}],"collection":[{"href":"https:\/\/linitiative.ca\/International\/wp-json\/wp\/v2\/posts"}],"about":[{"href":"https:\/\/linitiative.ca\/International\/wp-json\/wp\/v2\/types\/post"}],"author":[{"embeddable":true,"href":"https:\/\/linitiative.ca\/International\/wp-json\/wp\/v2\/users\/1740"}],"replies":[{"embeddable":true,"href":"https:\/\/linitiative.ca\/International\/wp-json\/wp\/v2\/comments?post=31068"}],"version-history":[{"count":0,"href":"https:\/\/linitiative.ca\/International\/wp-json\/wp\/v2\/posts\/31068\/revisions"}],"wp:attachment":[{"href":"https:\/\/linitiative.ca\/International\/wp-json\/wp\/v2\/media?parent=31068"}],"wp:term":[{"taxonomy":"category","embeddable":true,"href":"https:\/\/linitiative.ca\/International\/wp-json\/wp\/v2\/categories?post=31068"},{"taxonomy":"post_tag","embeddable":true,"href":"https:\/\/linitiative.ca\/International\/wp-json\/wp\/v2\/tags?post=31068"}],"curies":[{"name":"wp","href":"https:\/\/api.w.org\/{rel}","templated":true}]}}