{"id":31069,"date":"2019-04-29T14:52:00","date_gmt":"2019-04-29T18:52:00","guid":{"rendered":"https:\/\/linitiative.ca\/International\/tribunal-sidi-mhamed-comparution-de-loukal-devant-le-procureur-de-la-republique\/"},"modified":"2019-04-29T14:52:00","modified_gmt":"2019-04-29T18:52:00","slug":"tribunal-sidi-mhamed-comparution-de-loukal-devant-le-procureur-de-la-republique","status":"publish","type":"post","link":"https:\/\/linitiative.ca\/International\/tribunal-sidi-mhamed-comparution-de-loukal-devant-le-procureur-de-la-republique\/","title":{"rendered":"TRIBUNAL SIDI M&rsquo;HAMED : Comparution de Loukal devant le procureur de la R\u00e9publique"},"content":{"rendered":"<p><br id=\"sep_para_1\" class=\"sep_para access\"\/><\/p>\n<div id=\"para_1\" class=\"para_30680046 resize\">\n<div class=\"texte access firstletter\">Le ministre des Finances, Mohamed Loukal, comparait hier, lundi devant le Procureur de la R\u00e9publique pr\u00e8s le tribunal de Sidi M&rsquo;hamed \u00e0 Alger pour \u00eatre auditionn\u00e9 dans des affaires de \u00ab\u00a0dilapidation des deniers publics\u00a0\u00bb. La brigade des investigations de la Gendarmerie nationale avait proc\u00e9d\u00e9, la semaine derni\u00e8re, \u00e0 la remise de convocations avec PV \u00e0 l&rsquo;ancien Premier ministre, Ahmed Ouyahia et au ministre des Finances et ex-gouverneur de la Banque d&rsquo;Alg\u00e9rie, Mohamed Loukal pour comparaitre devant le Procureur de la R\u00e9publique pr\u00e8s le tribunal de Sidi M&rsquo;hamed. Ouyahia et Loukal, ont \u00e9t\u00e9 convoqu\u00e9s par le tribunal \u00ab\u00a0pour dilapidation des deniers publics et de privil\u00e8ges indus\u00a0\u00bb.\u00a0\u00a0\u00a0\u00a0\u00a0\u00a0\u00a0<\/div>\n<\/div>\n<p>Auteur: Ismain<br \/>\n<a href=\"https:\/\/www.reflexiondz.net\/TRIBUNAL-SIDI-M-HAMED-Comparution-de-Loukal-devant-le-procureur-de-la-Republique_a55639.html\">Cliquez ici pour lire l&rsquo;article depuis sa source.<\/a><\/p>\n","protected":false},"excerpt":{"rendered":"<p>Le ministre des Finances, Mohamed Loukal, comparait hier, lundi devant le Procureur de la R\u00e9publique pr\u00e8s le tribunal de Sidi M&rsquo;hamed \u00e0 Alger pour \u00eatre auditionn\u00e9 dans des affaires de \u00ab\u00a0dilapidation des deniers publics\u00a0\u00bb. La brigade des investigations de la Gendarmerie nationale avait proc\u00e9d\u00e9, la semaine derni\u00e8re, \u00e0 la remise de convocations avec PV \u00e0 [&hellip;]<\/p>\n","protected":false},"author":1740,"featured_media":0,"comment_status":"closed","ping_status":"closed","sticky":false,"template":"","format":"standard","meta":{"fifu_image_url":"","fifu_image_alt":"","footnotes":""},"categories":[53,76],"tags":[],"class_list":["post-31069","post","type-post","status-publish","format-standard","hentry","category-algerie","category-regions"],"_links":{"self":[{"href":"https:\/\/linitiative.ca\/International\/wp-json\/wp\/v2\/posts\/31069","targetHints":{"allow":["GET"]}}],"collection":[{"href":"https:\/\/linitiative.ca\/International\/wp-json\/wp\/v2\/posts"}],"about":[{"href":"https:\/\/linitiative.ca\/International\/wp-json\/wp\/v2\/types\/post"}],"author":[{"embeddable":true,"href":"https:\/\/linitiative.ca\/International\/wp-json\/wp\/v2\/users\/1740"}],"replies":[{"embeddable":true,"href":"https:\/\/linitiative.ca\/International\/wp-json\/wp\/v2\/comments?post=31069"}],"version-history":[{"count":0,"href":"https:\/\/linitiative.ca\/International\/wp-json\/wp\/v2\/posts\/31069\/revisions"}],"wp:attachment":[{"href":"https:\/\/linitiative.ca\/International\/wp-json\/wp\/v2\/media?parent=31069"}],"wp:term":[{"taxonomy":"category","embeddable":true,"href":"https:\/\/linitiative.ca\/International\/wp-json\/wp\/v2\/categories?post=31069"},{"taxonomy":"post_tag","embeddable":true,"href":"https:\/\/linitiative.ca\/International\/wp-json\/wp\/v2\/tags?post=31069"}],"curies":[{"name":"wp","href":"https:\/\/api.w.org\/{rel}","templated":true}]}}