{"id":31117,"date":"2019-04-29T12:24:10","date_gmt":"2019-04-29T16:24:10","guid":{"rendered":"https:\/\/linitiative.ca\/International\/circulation-casablanca-la-future-smart-city\/"},"modified":"2019-04-29T12:24:10","modified_gmt":"2019-04-29T16:24:10","slug":"circulation-casablanca-la-future-smart-city","status":"publish","type":"post","link":"https:\/\/linitiative.ca\/International\/circulation-casablanca-la-future-smart-city\/","title":{"rendered":"Circulation : Casablanca la future Smart City"},"content":{"rendered":"<p><strong>Casa Transports<\/strong> lance la deuxi\u00e8me phase du projet de poste centrale de gestion de la <strong>circulation<\/strong> et de la vid\u00e9o protection de mani\u00e8re intelligente.<\/p>\n<div class=\"c10\"\/>\n<p>Il s\u2019agit bien de mettre en place\u00a0le\u00a0syst\u00e8me de gestion intelligente de la circulation de la plus grande ville du Maroc, ce qui ne va pas \u00eatre une affaire si facile. D\u2019autres march\u00e9s de travaux ou de prestations seront lanc\u00e9s dans le cadre du projet dont l\u2019ouverture des plis est pr\u00e9vue le 16 mai et la dur\u00e9e de la mission est d\u2019un an et demi. \u00ab\u00a0Ce projet vise \u00e0 moderniser la r\u00e9gulation du trafic dans la ville, ainsi qu\u2019\u00e0 mettre \u00e0 la disposition des forces de l\u2019ordre les diff\u00e9rentes fonctionnalit\u00e9s offertes par l\u2019avancement en mati\u00e8re de <strong>vid\u00e9o protection<\/strong>. Il s\u2019inscrit donc dans le syst\u00e8me de Smart City qui envisage de favoriser le partage d\u2019informations, d\u2019am\u00e9liorer l\u2019espace urbain et de faciliter la vie des citoyens\u00a0\u00bb, bien not\u00e9 dans la documentation de l\u2019appel d\u2019offres.<\/p>\n<p>Lire aussi: <a href=\"https:\/\/www.challenge.ma\/port-de-casablanca-nouvelle-solution-pour-fluidifier-le-transit-portuaire-105314\/\" target=\"_blank\" rel=\"noopener noreferrer\">Port de Casablanca : nouvelle solution pour fluidifier le transit<\/a><\/p>\n<p>Ce projet va offrir l\u2019opportunit\u00e9 de cr\u00e9er des soci\u00e9t\u00e9s d\u00e9di\u00e9es pour la r\u00e9alisation de certains grands projets. Des cam\u00e9ras intelligentes, des capteurs de poids, des stations de comptage des v\u00e9hicules et des panneaux dynamiques seront install\u00e9s, le tout reli\u00e9 \u00e0 un syst\u00e8me de big data.\u00a0Des modifications des plans de circulation seront \u00e9galement op\u00e9r\u00e9es, dans la continuit\u00e9 de ses changements.<\/p>\n<p>Rappelons que l\u2019Etat a pris les dispositions n\u00e9cessaires r\u00e9cemment (Loi organique sur les collectivit\u00e9s territoriales) en vue de mettre en place un cadre juridique encadrant la cr\u00e9ation et l\u2019intervention des dites soci\u00e9t\u00e9s locales.<\/p>\n<div class=\"c17\">\n<fieldset class=\"c16\">\n<legend><strong><span class=\"c11\">Challenge<\/span><span class=\"c12\">news<\/span><\/strong><\/legend>\n<div class=\"c15\">Le meilleur de la r\u00e9daction s\u00e9lectionn\u00e9 par Challenge :<\/p>\n<\/div>\n<\/fieldset>\n<\/div>\n<p>Auteur: Hajar DARI<br \/>\n<a href=\"https:\/\/www.challenge.ma\/circulation-casablanca-la-future-smart-city-108451\/\">Cliquez ici pour lire l&rsquo;article depuis sa source.<\/a><\/p>\n","protected":false},"excerpt":{"rendered":"<p>Casa Transports lance la deuxi\u00e8me phase du projet de poste centrale de gestion de la circulation et de la vid\u00e9o protection de mani\u00e8re intelligente. Il s\u2019agit bien de mettre en place\u00a0le\u00a0syst\u00e8me de gestion intelligente de la circulation de la plus grande ville du Maroc, ce qui ne va pas \u00eatre une affaire si facile. D\u2019autres [&hellip;]<\/p>\n","protected":false},"author":1787,"featured_media":0,"comment_status":"closed","ping_status":"closed","sticky":false,"template":"","format":"standard","meta":{"fifu_image_url":"","fifu_image_alt":"","footnotes":""},"categories":[78,54],"tags":[],"class_list":["post-31117","post","type-post","status-publish","format-standard","hentry","category-economie","category-maroc"],"_links":{"self":[{"href":"https:\/\/linitiative.ca\/International\/wp-json\/wp\/v2\/posts\/31117","targetHints":{"allow":["GET"]}}],"collection":[{"href":"https:\/\/linitiative.ca\/International\/wp-json\/wp\/v2\/posts"}],"about":[{"href":"https:\/\/linitiative.ca\/International\/wp-json\/wp\/v2\/types\/post"}],"author":[{"embeddable":true,"href":"https:\/\/linitiative.ca\/International\/wp-json\/wp\/v2\/users\/1787"}],"replies":[{"embeddable":true,"href":"https:\/\/linitiative.ca\/International\/wp-json\/wp\/v2\/comments?post=31117"}],"version-history":[{"count":0,"href":"https:\/\/linitiative.ca\/International\/wp-json\/wp\/v2\/posts\/31117\/revisions"}],"wp:attachment":[{"href":"https:\/\/linitiative.ca\/International\/wp-json\/wp\/v2\/media?parent=31117"}],"wp:term":[{"taxonomy":"category","embeddable":true,"href":"https:\/\/linitiative.ca\/International\/wp-json\/wp\/v2\/categories?post=31117"},{"taxonomy":"post_tag","embeddable":true,"href":"https:\/\/linitiative.ca\/International\/wp-json\/wp\/v2\/tags?post=31117"}],"curies":[{"name":"wp","href":"https:\/\/api.w.org\/{rel}","templated":true}]}}