{"id":31118,"date":"2019-04-29T12:44:02","date_gmt":"2019-04-29T16:44:02","guid":{"rendered":"https:\/\/linitiative.ca\/International\/lelysee-aurait-choisi-helene-le-gal-nouvelle-ambassadrice-de-france-a-rabat\/"},"modified":"2019-04-29T12:44:02","modified_gmt":"2019-04-29T16:44:02","slug":"lelysee-aurait-choisi-helene-le-gal-nouvelle-ambassadrice-de-france-a-rabat","status":"publish","type":"post","link":"https:\/\/linitiative.ca\/International\/lelysee-aurait-choisi-helene-le-gal-nouvelle-ambassadrice-de-france-a-rabat\/","title":{"rendered":"L\u2019Elys\u00e9e aurait choisi H\u00e9l\u00e8ne Le Gal nouvelle ambassadrice de France \u00e0 Rabat"},"content":{"rendered":"<p>L\u2019ex ambassadrice de France en Isra\u00ebl,\u00a0H\u00e9l\u00e8ne Le Gal, devrait \u00eatre nomm\u00e9e \u00e0 la t\u00eate de l\u2019Ambassade de France \u00e0 Rabat, rapporte Maghreb Intelligence citant l\u2019hebdomadaire Jeune Afrique.<\/p>\n<div class=\"c10\"\/>\n<p>Premi\u00e8re femme nomm\u00e9e \u00e0 ce poste au Maroc, la jeune diplomate de 52 ans devrait prendre ses fonctions d\u00e8s le mois de septembre prochain. Elle succ\u00e8de \u00e0 Jean-Fran\u00e7ois Girault qui a occup\u00e9 ce poste pendant quatre ans.<\/p>\n<p>Dipl\u00f4m\u00e9 de l\u2019Institut Politique de Paris, elle a eu une longue carri\u00e8re dans les rouages de la diplomatie fran\u00e7aise, passant par l\u2019Espagne, Bruxelles et le Qu\u00e9bec avant de devenir, en 2012, conseill\u00e8re Afrique de l\u2019ancien pr\u00e9sident Fran\u00e7ois Hollande.<\/p>\n<p>Elle sera assist\u00e9e dans sa mission par Serge Mucetti, ancien ambassadeur \u00e0 Djibouti et en Centrafrique, qui h\u00e9ritera du poste s de Consul g\u00e9n\u00e9ral \u00e0 Rabat.<\/p>\n<p>H\u00e9l\u00e8ne Le Gal a entam\u00e9 sa carri\u00e8re en 1988 au minist\u00e8re des Affaires \u00e9trang\u00e8res, puis a occup\u00e9e diff\u00e9rentes fonctions diplomatiques. Elle a d\u2019abord \u00e9t\u00e9 nomm\u00e9e ambassadrice de France \u00e0 Ouagadougou entre 1988 et 1990.\u00a0La diplomate a ensuite occup\u00e9 plusieurs postes notamment \u00e0 Madrid, \u00e0 Tel-Aviv, \u00e0 Bruxelles, puis comme Consul au Qu\u00e9bec avant d\u2019\u00eatre rappel\u00e9e \u00e0 Paris. En 2012, elle a \u00e9t\u00e9 nomm\u00e9e \u00e0 la t\u00eate de la puissante cellule africaine de l\u2019Elys\u00e9e.<\/p>\n<p>Sous-directrice Afrique centrale et orientale au Quai d\u2019Orsay (2005-2009), elle a \u00e9t\u00e9 la premi\u00e8re femme \u00e0 s\u2019asseoir au poste de conseill\u00e8re Afrique au sein de la cellule diplomatique \u00e9lys\u00e9enne dirig\u00e9e par Paul Jean-Ortiz.<\/p>\n<p><span class=\"c11\">Le Gal porte l\u2019Afrique dans son coeur<\/span><\/p>\n<p>La diplomate a occup\u00e9 plusieurs postes en relation avec l\u2019Afrique jusqu\u2019\u00e0 sa derni\u00e8re responsabilit\u00e9 de conseill\u00e8re Afrique de l\u2019ancien Pr\u00e9sident Fran\u00e7ois Hollande. Une bonne exp\u00e9rience qui a aiguis\u00e9 ses connaissance du continent. En d\u00e9coule de cette relation professionnelle un fort attachement avec l\u2019Afrique. \u00ab\u00a0Mon premier poste en 1988, comme deuxi\u00e8me secr\u00e9taire \u00e0 Ouagadougou, au Burkina Faso, s\u2019est fait un peu par hasard mais j\u2019ai tout de suite ador\u00e9 l\u2019Afrique. Et j\u2019ai gard\u00e9 un attachement tr\u00e8s fort avec ce continent\u00a0\u00bb, confie celle qui est devenue ensuite sous-directrice de l\u2019Afrique centrale et orientale au Quai d\u2019Orsay, des fonctions qui ont valu \u00e0 la nouvelle ambassadrice de France \u00e0 Rabat le\u00a0titre de \u00ab\u00a0Madame Afrique\u00a0\u00bb.<\/p>\n<p><span class=\"c11\">Le Gal succ\u00e8derait \u00e0 Jean-Fran\u00e7ois Girault<\/span><\/p>\n<p>L\u2019actuel ambassadeur de France \u00e0 Rabat, Jean-Fran\u00e7ois Girault, fut l\u2019un des meilleurs diplomates que le Maroc ait connus. En effet, l\u2019ancien\u00a0ambassadeur de France en Syrie (2002-2006), en Irak (2006-2009), au Vietnam (2010-2012), puis directeur d\u2019Afrique du Nord et du Moyen-Orient (2012-2015) au minist\u00e8re des Affaires \u00e9trang\u00e8res et du d\u00e9veloppement international, a accompli un brillant mandat de quatre ans au Maroc. Le diplomate fran\u00e7ais \u00e9tait tr\u00e8s pr\u00e9sent sur la sc\u00e8ne politique et \u00e9conomique nationale.\u00a0\u00ab\u00a0Nous, Fran\u00e7ais et Marocains, avons une haute id\u00e9e de notre partenariat d\u2019exception et de son rayonnement, un partenariat solidaire projet\u00e9 dans l\u2019action et dans l\u2019innovation, en particulier pour l\u2019Afrique\u00a0\u00bb, avait-il assur\u00e9 lors d\u2019une r\u00e9ception organis\u00e9e \u00e0 l\u2019occasion de la comm\u00e9moration de la f\u00eate nationale fran\u00e7aise du 14 juillet dernier.<\/p>\n<div class=\"c18\">\n<fieldset class=\"c17\">\n<legend><strong><span class=\"c12\">Challenge<\/span><span class=\"c13\">news<\/span><\/strong><\/legend>\n<div class=\"c16\">Le meilleur de la r\u00e9daction s\u00e9lectionn\u00e9 par Challenge :<\/p>\n<\/div>\n<\/fieldset>\n<\/div>\n<p>Auteur: Hassan Manyani<br \/>\n<a href=\"https:\/\/www.challenge.ma\/helene-le-gal-nommee-nouvelle-ambassadrice-de-france-a-rabat-108458\/\">Cliquez ici pour lire l&rsquo;article depuis sa source.<\/a><\/p>\n","protected":false},"excerpt":{"rendered":"<p>L\u2019ex ambassadrice de France en Isra\u00ebl,\u00a0H\u00e9l\u00e8ne Le Gal, devrait \u00eatre nomm\u00e9e \u00e0 la t\u00eate de l\u2019Ambassade de France \u00e0 Rabat, rapporte Maghreb Intelligence citant l\u2019hebdomadaire Jeune Afrique. Premi\u00e8re femme nomm\u00e9e \u00e0 ce poste au Maroc, la jeune diplomate de 52 ans devrait prendre ses fonctions d\u00e8s le mois de septembre prochain. Elle succ\u00e8de \u00e0 Jean-Fran\u00e7ois [&hellip;]<\/p>\n","protected":false},"author":1787,"featured_media":0,"comment_status":"closed","ping_status":"closed","sticky":false,"template":"","format":"standard","meta":{"fifu_image_url":"","fifu_image_alt":"","footnotes":""},"categories":[78,54],"tags":[],"class_list":["post-31118","post","type-post","status-publish","format-standard","hentry","category-economie","category-maroc"],"_links":{"self":[{"href":"https:\/\/linitiative.ca\/International\/wp-json\/wp\/v2\/posts\/31118","targetHints":{"allow":["GET"]}}],"collection":[{"href":"https:\/\/linitiative.ca\/International\/wp-json\/wp\/v2\/posts"}],"about":[{"href":"https:\/\/linitiative.ca\/International\/wp-json\/wp\/v2\/types\/post"}],"author":[{"embeddable":true,"href":"https:\/\/linitiative.ca\/International\/wp-json\/wp\/v2\/users\/1787"}],"replies":[{"embeddable":true,"href":"https:\/\/linitiative.ca\/International\/wp-json\/wp\/v2\/comments?post=31118"}],"version-history":[{"count":0,"href":"https:\/\/linitiative.ca\/International\/wp-json\/wp\/v2\/posts\/31118\/revisions"}],"wp:attachment":[{"href":"https:\/\/linitiative.ca\/International\/wp-json\/wp\/v2\/media?parent=31118"}],"wp:term":[{"taxonomy":"category","embeddable":true,"href":"https:\/\/linitiative.ca\/International\/wp-json\/wp\/v2\/categories?post=31118"},{"taxonomy":"post_tag","embeddable":true,"href":"https:\/\/linitiative.ca\/International\/wp-json\/wp\/v2\/tags?post=31118"}],"curies":[{"name":"wp","href":"https:\/\/api.w.org\/{rel}","templated":true}]}}