{"id":31125,"date":"2019-04-29T12:41:16","date_gmt":"2019-04-29T16:41:16","guid":{"rendered":"https:\/\/linitiative.ca\/International\/tunisie-le-ministre-du-transport-promet-daugmenter-le-nombre-des-lignes-des-bus-de-transport-des-ouvrieres\/"},"modified":"2019-04-29T12:41:16","modified_gmt":"2019-04-29T16:41:16","slug":"tunisie-le-ministre-du-transport-promet-daugmenter-le-nombre-des-lignes-des-bus-de-transport-des-ouvrieres","status":"publish","type":"post","link":"https:\/\/linitiative.ca\/International\/tunisie-le-ministre-du-transport-promet-daugmenter-le-nombre-des-lignes-des-bus-de-transport-des-ouvrieres\/","title":{"rendered":"Tunisie: Le ministre du Transport promet d\u2019augmenter le nombre des lignes des bus de transport des ouvri\u00e8res"},"content":{"rendered":"<div class=\"post-cont-in left relative\">\n<p>Le ministre des Transports, Hichem Ben Ahmed, a reconnu que les transports publics souffraient de nombreux probl\u00e8mes, ce qui a fait baisser le taux d\u2019utilisation des citoyens \u00e0 30% apr\u00e8s avoir \u00e9t\u00e9 de 70% dans les ann\u00e9es soixante-dix.<\/p>\n<p>Il a soulign\u00e9, par ailleurs, que le minist\u00e8re augmentera le nombre de lignes de bus\u00a0du transport des ouvri\u00e8res, en coordination avec les coop\u00e9ratives agricoles et les gouverneurs, afin de donner plus de licences\u00a0au transport rural tout en veillant au respect des r\u00e8gles de s\u00e9curit\u00e9.<\/p>\n<div class=\"code-block code-block-1 c3\"><ins class=\"adsbygoogle c2\" data-ad-layout=\"in-article\" data-ad-format=\"fluid\" data-ad-client=\"ca-pub-2102118777505746\" data-ad-slot=\"7301775417\"\/> <\/div>\n<div class=\"mvp-org-wrap mvp-org-logo\" itemprop=\"publisher\" itemscope=\"\" itemtype=\"https:\/\/schema.org\/Organization\"><img decoding=\"async\" src=\"https:\/\/www.tunisienumerique.com\/wp-content\/uploads\/2017\/02\/logo_tunisie_numerique.png\"\/><\/div>\n<div class=\"mvp-related-posts left relative\">\n<h4 class=\"post-header\"><span class=\"post-header\">Lire aussi<\/span><\/h4>\n<\/div>\n<\/div>\n<p>Auteur: Mourad S<br \/>\n<a href=\"https:\/\/www.tunisienumerique.com\/tunisie-le-ministre-du-transport-promet-daugmenter-le-nombre-des-lignes-des-bus-de-transport-des-ouvrieres\/\">Cliquez ici pour lire l&rsquo;article depuis sa source.<\/a><\/p>\n","protected":false},"excerpt":{"rendered":"<p>Le ministre des Transports, Hichem Ben Ahmed, a reconnu que les transports publics souffraient de nombreux probl\u00e8mes, ce qui a fait baisser le taux d\u2019utilisation des citoyens \u00e0 30% apr\u00e8s avoir \u00e9t\u00e9 de 70% dans les ann\u00e9es soixante-dix. Il a soulign\u00e9, par ailleurs, que le minist\u00e8re augmentera le nombre de lignes de bus\u00a0du transport des [&hellip;]<\/p>\n","protected":false},"author":1789,"featured_media":31126,"comment_status":"closed","ping_status":"closed","sticky":false,"template":"","format":"standard","meta":{"fifu_image_url":"","fifu_image_alt":"","footnotes":""},"categories":[73,55],"tags":[],"class_list":["post-31125","post","type-post","status-publish","format-standard","has-post-thumbnail","hentry","category-actualite","category-tunisie"],"_links":{"self":[{"href":"https:\/\/linitiative.ca\/International\/wp-json\/wp\/v2\/posts\/31125","targetHints":{"allow":["GET"]}}],"collection":[{"href":"https:\/\/linitiative.ca\/International\/wp-json\/wp\/v2\/posts"}],"about":[{"href":"https:\/\/linitiative.ca\/International\/wp-json\/wp\/v2\/types\/post"}],"author":[{"embeddable":true,"href":"https:\/\/linitiative.ca\/International\/wp-json\/wp\/v2\/users\/1789"}],"replies":[{"embeddable":true,"href":"https:\/\/linitiative.ca\/International\/wp-json\/wp\/v2\/comments?post=31125"}],"version-history":[{"count":0,"href":"https:\/\/linitiative.ca\/International\/wp-json\/wp\/v2\/posts\/31125\/revisions"}],"wp:featuredmedia":[{"embeddable":true,"href":"https:\/\/linitiative.ca\/International\/wp-json\/"}],"wp:attachment":[{"href":"https:\/\/linitiative.ca\/International\/wp-json\/wp\/v2\/media?parent=31125"}],"wp:term":[{"taxonomy":"category","embeddable":true,"href":"https:\/\/linitiative.ca\/International\/wp-json\/wp\/v2\/categories?post=31125"},{"taxonomy":"post_tag","embeddable":true,"href":"https:\/\/linitiative.ca\/International\/wp-json\/wp\/v2\/tags?post=31125"}],"curies":[{"name":"wp","href":"https:\/\/api.w.org\/{rel}","templated":true}]}}