{"id":31129,"date":"2019-04-29T15:54:37","date_gmt":"2019-04-29T19:54:37","guid":{"rendered":"https:\/\/linitiative.ca\/International\/tunisie-les-representants-du-peuple-veulent-auditionner-la-ministre-de-la-femme\/"},"modified":"2019-04-29T15:54:37","modified_gmt":"2019-04-29T19:54:37","slug":"tunisie-les-representants-du-peuple-veulent-auditionner-la-ministre-de-la-femme","status":"publish","type":"post","link":"https:\/\/linitiative.ca\/International\/tunisie-les-representants-du-peuple-veulent-auditionner-la-ministre-de-la-femme\/","title":{"rendered":"Tunisie \u2013 Les repr\u00e9sentants du peuple veulent auditionner la ministre de la femme"},"content":{"rendered":"<div class=\"post-cont-in left relative\">\n<p>Les repr\u00e9sentants du peuple ont demand\u00e9 \u00e0 auditionner la ministre de la Femme, pour s\u2019expliquer sur le protocole sign\u00e9 depuis 2016, en rapport avec le transport des ouvri\u00e8res agricoles et qui n\u2019a, toujours pas \u00e9t\u00e9 mis en \u0153uvre.<\/p>\n<p>La Commission parlementaire de la femme, des jeunes des personnes \u00e2g\u00e9es et des enfants a appel\u00e9 \u00e0 acc\u00e9l\u00e9rer cette s\u00e9ance d\u2019audition, suite au drame qui a frapp\u00e9 le pays avec l\u2019accident qui a co\u00fbt\u00e9 la vie \u00e0 plusieurs ouvri\u00e8res agricoles transport\u00e9es dans des conditions inacceptables.<\/p>\n<div class=\"code-block code-block-1 c3\"><ins class=\"adsbygoogle c2\" data-ad-layout=\"in-article\" data-ad-format=\"fluid\" data-ad-client=\"ca-pub-2102118777505746\" data-ad-slot=\"7301775417\"\/> <\/div>\n<div class=\"mvp-org-wrap mvp-org-logo\" itemprop=\"publisher\" itemscope=\"\" itemtype=\"https:\/\/schema.org\/Organization\"><img decoding=\"async\" src=\"https:\/\/www.tunisienumerique.com\/wp-content\/uploads\/2017\/02\/logo_tunisie_numerique.png\"\/><\/div>\n<div class=\"mvp-related-posts left relative\">\n<h4 class=\"post-header\"><span class=\"post-header\">Lire aussi<\/span><\/h4>\n<\/div>\n<\/div>\n<p>Auteur: LM<br \/>\n<a href=\"https:\/\/www.tunisienumerique.com\/tunisie-les-representants-du-peuple-veulent-auditionner-la-ministre-de-la-femme\/\">Cliquez ici pour lire l&rsquo;article depuis sa source.<\/a><\/p>\n","protected":false},"excerpt":{"rendered":"<p>Les repr\u00e9sentants du peuple ont demand\u00e9 \u00e0 auditionner la ministre de la Femme, pour s\u2019expliquer sur le protocole sign\u00e9 depuis 2016, en rapport avec le transport des ouvri\u00e8res agricoles et qui n\u2019a, toujours pas \u00e9t\u00e9 mis en \u0153uvre. La Commission parlementaire de la femme, des jeunes des personnes \u00e2g\u00e9es et des enfants a appel\u00e9 \u00e0 [&hellip;]<\/p>\n","protected":false},"author":1789,"featured_media":31130,"comment_status":"closed","ping_status":"closed","sticky":false,"template":"","format":"standard","meta":{"fifu_image_url":"","fifu_image_alt":"","footnotes":""},"categories":[73,55],"tags":[],"class_list":["post-31129","post","type-post","status-publish","format-standard","has-post-thumbnail","hentry","category-actualite","category-tunisie"],"_links":{"self":[{"href":"https:\/\/linitiative.ca\/International\/wp-json\/wp\/v2\/posts\/31129","targetHints":{"allow":["GET"]}}],"collection":[{"href":"https:\/\/linitiative.ca\/International\/wp-json\/wp\/v2\/posts"}],"about":[{"href":"https:\/\/linitiative.ca\/International\/wp-json\/wp\/v2\/types\/post"}],"author":[{"embeddable":true,"href":"https:\/\/linitiative.ca\/International\/wp-json\/wp\/v2\/users\/1789"}],"replies":[{"embeddable":true,"href":"https:\/\/linitiative.ca\/International\/wp-json\/wp\/v2\/comments?post=31129"}],"version-history":[{"count":0,"href":"https:\/\/linitiative.ca\/International\/wp-json\/wp\/v2\/posts\/31129\/revisions"}],"wp:featuredmedia":[{"embeddable":true,"href":"https:\/\/linitiative.ca\/International\/wp-json\/"}],"wp:attachment":[{"href":"https:\/\/linitiative.ca\/International\/wp-json\/wp\/v2\/media?parent=31129"}],"wp:term":[{"taxonomy":"category","embeddable":true,"href":"https:\/\/linitiative.ca\/International\/wp-json\/wp\/v2\/categories?post=31129"},{"taxonomy":"post_tag","embeddable":true,"href":"https:\/\/linitiative.ca\/International\/wp-json\/wp\/v2\/tags?post=31129"}],"curies":[{"name":"wp","href":"https:\/\/api.w.org\/{rel}","templated":true}]}}