{"id":31152,"date":"2019-04-29T14:50:02","date_gmt":"2019-04-29T18:50:02","guid":{"rendered":"https:\/\/linitiative.ca\/International\/irak-syrie-les-principales-dates-de-lex-califat-de-lei\/"},"modified":"2019-04-29T14:50:02","modified_gmt":"2019-04-29T18:50:02","slug":"irak-syrie-les-principales-dates-de-lex-califat-de-lei","status":"publish","type":"post","link":"https:\/\/linitiative.ca\/International\/irak-syrie-les-principales-dates-de-lex-califat-de-lei\/","title":{"rendered":"Irak-Syrie: les principales dates de l\u2019ex-\u00ab\u00a0califat\u00a0\u00bb de l\u2019EI"},"content":{"rendered":"<p>Le groupe Etat islamique (EI), qui a diffus\u00e9 lundi une vid\u00e9o de propagande dans laquelle appara\u00eet un homme pr\u00e9sent\u00e9 comme son chef Abou Bakr al-Baghdadi, a vu son \u00ab\u00a0califat\u00a0\u00bb autoproclam\u00e9 en 2014 sur des territoires en Irak et en Syrie \u00e9radiqu\u00e9 en mars.<\/p>\n<p>Les jihadistes de l\u2019EI, d\u00e9sormais dispers\u00e9s dans le d\u00e9sert s\u2019\u00e9tendant du centre syrien \u00e0 la fronti\u00e8re irakienne, constituent cependant toujours une menace, et r\u00e9ussissent \u00e0 mener des attaques.<\/p>\n<p>\u2013 \u00ab\u00a0Califat\u00a0\u00bb \u2013<\/p>\n<p>Le 29 juin 2014, les jihadistes de l&rsquo;\u00a0\u00bbEtat islamique en Irak et au Levant\u00a0\u00bb (EIIL) annoncent l\u2019\u00e9tablissement d\u2019un \u00ab\u00a0califat islamique\u00a0\u00bb dans les r\u00e9gions conquises en Irak et en Syrie.<\/p>\n<p>Dans un enregistrement audio, l\u2019EIIL, qui se fait appeler \u00ab\u00a0Etat islamique\u00a0\u00bb, d\u00e9signe son chef Abou Bakr Al-Baghdadi comme \u00ab\u00a0calife\u00a0\u00bb.<\/p>\n<p>En Syrie, d\u00e8s janvier, l\u2019EIIL avait pris le contr\u00f4le de la ville de Raqa (nord), chassant des groupes rebelles. Il avait aussi conquis une grande partie de la province de Deir Ezzor (est), frontali\u00e8re de l\u2019Irak, ainsi que des positions dans celle d\u2019Alep (nord).<\/p>\n<p>En Irak, o\u00f9 il a b\u00e9n\u00e9fici\u00e9 du soutien d\u2019ex-officiers de Saddam Hussein et de groupes salafistes, le groupe s\u2019\u00e9tait empar\u00e9 le 10 juin de la ville de Mossoul (nord) et d\u2019une grande partie de la province de Ninive dont elle est le chef-lieu.<\/p>\n<p>Le 5 juillet, Baghdadi appara\u00eet dans une vid\u00e9o sur des sites jihadistes et appelle tous les musulmans \u00e0 lui \u00ab\u00a0ob\u00e9ir\u00a0\u00bb.<\/p>\n<p>\u2013 Exactions et esclavage \u2013<\/p>\n<p>Dans les r\u00e9gions qu\u2019il contr\u00f4le, l\u2019EI proc\u00e8de \u00e0 de nombreuses d\u00e9capitations et ex\u00e9cutions collectives. Des femmes soup\u00e7onn\u00e9es d\u2019adult\u00e8re sont lapid\u00e9es, des homosexuels assassin\u00e9s. Le groupe commet \u00e9galement des rapts et des viols.<\/p>\n<p>Certaines atrocit\u00e9s sont mises en sc\u00e8ne dans des vid\u00e9os, devenues une arme de propagande.<\/p>\n<p>En Irak, le groupe qui s\u2019est empar\u00e9 du foyer historique des Yazidis sur les monts Sinjar (nord) \u00e0 l\u2019\u00e9t\u00e9 2014, a transform\u00e9 en enfants-soldats les plus jeunes, et soumis des milliers de femmes aux travaux forc\u00e9s et \u00e0 l\u2019esclavage sexuel. Ces exactions font l\u2019objet d\u2019une enqu\u00eate de l\u2019ONU pour g\u00e9nocide.<\/p>\n<p>\u2013 Coalition antijihadistes \u2013<\/p>\n<p>En septembre 2014, une coalition internationale dirig\u00e9e par les Etats-Unis lance, apr\u00e8s l\u2019Irak, ses premi\u00e8res frappes contre l\u2019EI en Syrie.<\/p>\n<p>\u2013 Revers en Irak \u2013<\/p>\n<p><ins data-revive-zoneid=\"9\" data-revive-id=\"10111e19d28d19d031742ee3b0b33eb0\"\/> <\/p>\n<p>Le 31 mars 2015, les forces irakiennes reprennent Tikrit (nord). Le 13 novembre, les forces kurdes irakiennes appuy\u00e9es par des frappes de la coalition antijihadistes reprennent Sinjar (nord-ouest).<\/p>\n<p>En 2016, l\u2019EI est chass\u00e9 de Ramadi, chef-lieu d\u2019Al-Anbar, puis de Fallouja (ouest).<\/p>\n<p>Le 10 juillet 2017, le Premier ministre Haider al-Abadi proclame la lib\u00e9ration de Mossoul, \u00e0 l\u2019issue d\u2019une offensive de neuf mois.<\/p>\n<p>Le 9 d\u00e9cembre 2017, Abadi proclame la victoire sur l\u2019EI.<\/p>\n<p>\u2013 D\u00e9faites en Syrie \u2013<\/p>\n<p>Le 26 janvier 2015, les forces kurdes soutenues par la coalition chassent l\u2019EI de Koban\u00e9, ville kurde \u00e0 la fronti\u00e8re turque.<\/p>\n<p>En ao\u00fbt 2016, les Forces d\u00e9mocratiques syriennes (FDS), domin\u00e9es par la milice kurde des Unit\u00e9s de protection du peuple (YPG), chassent l\u2019EI de Minbej (nord). Des rebelles appuy\u00e9s par l\u2019arm\u00e9e turque reprennent eux Jarablos, puis Al-Bab, dans la province d\u2019Alep, en f\u00e9vrier 2017.<\/p>\n<p>En mars 2017, la cit\u00e9 antique de Palmyre, conquise deux fois par l\u2019EI depuis 2015, est d\u00e9finitivement reprise par le r\u00e9gime de Bachar al-Assad, aid\u00e9 de son alli\u00e9 russe. Les jihadistes y avaient d\u00e9truit une partie des tr\u00e9sors arch\u00e9ologiques class\u00e9s au patrimoine mondial de l\u2019Unesco.<\/p>\n<p>Le 17 octobre 2017, l\u2019EI perd Raqa, qui passe sous le contr\u00f4le des FDS.<\/p>\n<p>Et en septembre 2018, cette alliance lance une offensive contre l\u2019ultime r\u00e9duit de l\u2019EI dans la province de Deir Ezzor (est).<\/p>\n<p>Apr\u00e8s des mois de combats, elle s\u2019empare le 23 mars 2019 des derni\u00e8res positions jihadistes dans le village de Baghouz, et proclame l\u2019\u00e9limination territoriale \u00ab\u00a0\u00e0 100%\u00a0\u00bb de l\u2019EI.<\/p>\n<p>\u2013 Vid\u00e9o de Baghdadi \u2013<\/p>\n<p>Le 29 avril, l\u2019EI diffuse une vid\u00e9o de propagande dans laquelle un homme pr\u00e9sent\u00e9 comme Abou Bakr al-Baghdadi appara\u00eet pour la premi\u00e8re fois en cinq ans. Il y d\u00e9clare que \u00ab\u00a0la bataille pour Baghouz est maintenant termin\u00e9e\u00a0\u00bb. Ni la date \u00e0 laquelle cette vid\u00e9o a \u00e9t\u00e9 tourn\u00e9e ni le lieu o\u00f9 elle a \u00e9t\u00e9 film\u00e9e ne sont connues.<\/p>\n<p>Auteur: AFP<br \/>\n<a href=\"https:\/\/www.journalducameroun.com\/fr\/irak-syrie-les-principales-dates-de-lex-califat-de-lei\/\">Cliquez ici pour lire l&rsquo;article depuis sa source.<\/a><\/p>\n","protected":false},"excerpt":{"rendered":"<p>Le groupe Etat islamique (EI), qui a diffus\u00e9 lundi une vid\u00e9o de propagande dans laquelle appara\u00eet un homme pr\u00e9sent\u00e9 comme son chef Abou Bakr al-Baghdadi, a vu son \u00ab\u00a0califat\u00a0\u00bb autoproclam\u00e9 en 2014 sur des territoires en Irak et en Syrie \u00e9radiqu\u00e9 en mars. Les jihadistes de l\u2019EI, d\u00e9sormais dispers\u00e9s dans le d\u00e9sert s\u2019\u00e9tendant du centre [&hellip;]<\/p>\n","protected":false},"author":1965,"featured_media":0,"comment_status":"closed","ping_status":"closed","sticky":false,"template":"","format":"standard","meta":{"fifu_image_url":"","fifu_image_alt":"","footnotes":""},"categories":[73,82],"tags":[],"class_list":["post-31152","post","type-post","status-publish","format-standard","hentry","category-actualite","category-cameroun"],"_links":{"self":[{"href":"https:\/\/linitiative.ca\/International\/wp-json\/wp\/v2\/posts\/31152","targetHints":{"allow":["GET"]}}],"collection":[{"href":"https:\/\/linitiative.ca\/International\/wp-json\/wp\/v2\/posts"}],"about":[{"href":"https:\/\/linitiative.ca\/International\/wp-json\/wp\/v2\/types\/post"}],"author":[{"embeddable":true,"href":"https:\/\/linitiative.ca\/International\/wp-json\/wp\/v2\/users\/1965"}],"replies":[{"embeddable":true,"href":"https:\/\/linitiative.ca\/International\/wp-json\/wp\/v2\/comments?post=31152"}],"version-history":[{"count":0,"href":"https:\/\/linitiative.ca\/International\/wp-json\/wp\/v2\/posts\/31152\/revisions"}],"wp:attachment":[{"href":"https:\/\/linitiative.ca\/International\/wp-json\/wp\/v2\/media?parent=31152"}],"wp:term":[{"taxonomy":"category","embeddable":true,"href":"https:\/\/linitiative.ca\/International\/wp-json\/wp\/v2\/categories?post=31152"},{"taxonomy":"post_tag","embeddable":true,"href":"https:\/\/linitiative.ca\/International\/wp-json\/wp\/v2\/tags?post=31152"}],"curies":[{"name":"wp","href":"https:\/\/api.w.org\/{rel}","templated":true}]}}