{"id":31153,"date":"2019-04-29T14:50:04","date_gmt":"2019-04-29T18:50:04","guid":{"rendered":"https:\/\/linitiative.ca\/International\/lei-diffuse-une-video-de-son-chef-pour-la-premiere-fois-depuis-5-ans\/"},"modified":"2019-04-29T14:50:04","modified_gmt":"2019-04-29T18:50:04","slug":"lei-diffuse-une-video-de-son-chef-pour-la-premiere-fois-depuis-5-ans","status":"publish","type":"post","link":"https:\/\/linitiative.ca\/International\/lei-diffuse-une-video-de-son-chef-pour-la-premiere-fois-depuis-5-ans\/","title":{"rendered":"L\u2019EI diffuse une vid\u00e9o de son \u00ab\u00a0chef\u00a0\u00bb pour la premi\u00e8re fois depuis 5 ans"},"content":{"rendered":"<div readability=\"32\">\n<p>Publi\u00e9 le 29.04.2019 \u00e0 19h50 par AFP<\/p>\n<\/div>\n<div readability=\"106\">\n<p>Un homme pr\u00e9sent\u00e9 comme le chef du groupe Etat islamique (EI) Abou Bakr al-Baghdadi est apparu pour la premi\u00e8re fois en cinq ans dans une vid\u00e9o de propagande diffus\u00e9e lundi par l\u2019organisation jihadiste, un peu plus d\u2019un mois apr\u00e8s la chute de son \u00ab\u00a0califat\u00a0\u00bb autoproclam\u00e9.<\/p>\n<p>La date \u00e0 laquelle cette vid\u00e9o a \u00e9t\u00e9 film\u00e9e n\u2019est pas connue, ni le lieu de tournage, mais celui qui est pr\u00e9sent\u00e9 comme \u00e9tant Abou Bakr al-Baghdadi y \u00e9voque les attentats pour la P\u00e2que catholique contre des \u00e9glises et des h\u00f4tels au Sri Lanka, le 21 avril.<\/p>\n<p>Il y d\u00e9clare aussi que \u00ab\u00a0la bataille pour Baghouz est maintenant termin\u00e9e\u00a0\u00bb, en r\u00e9f\u00e9rence \u00e0 ce village de l\u2019est de la Syrie qui fut le dernier r\u00e9duit territorial du \u00ab\u00a0califat\u00a0\u00bb.<\/p>\n<p>Autoproclam\u00e9 en 2014 par Abou Bakr al-Baghdadi, le \u00ab\u00a0califat\u00a0\u00bb de l\u2019EI a \u00e9t\u00e9 d\u00e9clar\u00e9 \u00e9radiqu\u00e9 au terme d\u2019une offensive de combattants arabes et kurdes soutenus par une coalition internationale dirig\u00e9e par les Etats-Unis.<\/p>\n<p>Dans la vid\u00e9o diffus\u00e9e lundi par le groupe extr\u00e9miste, l\u2019homme qui apparait assis les jambes crois\u00e9es sur un coussin, affirme que l\u2019EI \u00ab\u00a0se vengera\u00a0\u00bb au nom de ses membres tu\u00e9s et que le combat contre l\u2019Occident est \u00ab\u00a0une longue bataille\u00a0\u00bb.<\/p>\n<p>S\u2019adressant \u00e0 trois hommes dont les visages ont \u00e9t\u00e9 flout\u00e9s, il promet d\u2019autres actions de l\u2019EI \u00ab\u00a0apr\u00e8s cette bataille\u00a0\u00bb.<\/p>\n<p>Dans un passage de la vid\u00e9o dans lequel il n\u2019apparait pas, l\u2019homme \u00e9voque les attentats ayant tu\u00e9 253 personnes au Sri Lanka et revendiqu\u00e9s par son organisation, estimant qu\u2019il s\u2019agissait d\u2019une \u00ab\u00a0vengeance pour les fr\u00e8res \u00e0 Baghouz\u00a0\u00bb.<\/p>\n<p>L\u2019homme apparait avec une longue barbe grise qui semble \u00eatre teinte au henn\u00e9 et parle doucement, s\u2019arr\u00eatant quelques secondes au milieu de ses phrases.<\/p>\n<p>Selon SITE, le centre am\u00e9ricain de surveillance des mouvements extr\u00e9mistes et l\u2019expert irakien de l\u2019EI Hicham Hachemi, l\u2019homme dans l\u2019enregistrement est le chef de l\u2019EI.<\/p>\n<p><ins data-revive-zoneid=\"9\" data-revive-id=\"10111e19d28d19d031742ee3b0b33eb0\"\/> <\/p>\n<p>\u2013 Homme le plus recherch\u00e9 du monde \u2013<\/p>\n<p>Le dernier message attribu\u00e9 \u00e0 Abou Bakr al-Baghdadi \u00e9tait un enregistrement audio diffus\u00e9 en ao\u00fbt 2018. Il y exhortait ses partisans \u00e0 poursuivre le \u00ab\u00a0jihad\u00a0\u00bb, huit mois apr\u00e8s que l\u2019Irak eut d\u00e9clar\u00e9 la \u00ab\u00a0victoire\u00a0\u00bb sur l\u2019EI.<\/p>\n<p>Le chef jihadiste est apparu pour la premi\u00e8re et derni\u00e8re fois en public en 2014 \u00e0 Mossoul, dans le nord de l\u2019Irak, o\u00f9 il avait proclam\u00e9 son \u00ab\u00a0califat\u00a0\u00bb.<\/p>\n<p>Apr\u00e8s avoir un jour pr\u00e9sid\u00e9 aux destin\u00e9es de sept millions d\u2019habitants dans de larges pans de la Syrie et pr\u00e8s d\u2019un tiers de l\u2019Irak, l\u2019homme le plus recherch\u00e9 au monde se terrerait dans le d\u00e9sert syrien, selon des sp\u00e9cialistes de l\u2019EI.<\/p>\n<p>Les Forces d\u00e9mocratiques syriennes (FDS), l\u2019alliance arabo-kurde qui est venue \u00e0 bout des jihadistes terr\u00e9s dans leur dernier r\u00e9duit de Baghouz, disaient en mars ne pas avoir \u00ab\u00a0d\u2019informations sur une pr\u00e9sence de Baghdadi en Syrie\u00a0\u00bb.<\/p>\n<p>Les Etats-Unis offrent 25 millions de dollars pour sa capture.<\/p>\n<p>Malgr\u00e9 ses d\u00e9faites en Irak et en Syrie, l\u2019EI continue de commettre des attaques dans ces pays o\u00f9 il garde des cellules bas\u00e9es dans des zones difficiles d\u2019acc\u00e8s.<\/p>\n<\/div>\n<p>Auteur: AFP<br \/>\n<a href=\"https:\/\/www.journalducameroun.com\/fr\/lei-diffuse-une-video-de-son-chef-pour-la-premiere-fois-depuis-5-ans\/\">Cliquez ici pour lire l&rsquo;article depuis sa source.<\/a><\/p>\n","protected":false},"excerpt":{"rendered":"<p>Publi\u00e9 le 29.04.2019 \u00e0 19h50 par AFP Un homme pr\u00e9sent\u00e9 comme le chef du groupe Etat islamique (EI) Abou Bakr al-Baghdadi est apparu pour la premi\u00e8re fois en cinq ans dans une vid\u00e9o de propagande diffus\u00e9e lundi par l\u2019organisation jihadiste, un peu plus d\u2019un mois apr\u00e8s la chute de son \u00ab\u00a0califat\u00a0\u00bb autoproclam\u00e9. La date \u00e0 [&hellip;]<\/p>\n","protected":false},"author":1965,"featured_media":0,"comment_status":"closed","ping_status":"closed","sticky":false,"template":"","format":"standard","meta":{"fifu_image_url":"","fifu_image_alt":"","footnotes":""},"categories":[73,82],"tags":[],"class_list":["post-31153","post","type-post","status-publish","format-standard","hentry","category-actualite","category-cameroun"],"_links":{"self":[{"href":"https:\/\/linitiative.ca\/International\/wp-json\/wp\/v2\/posts\/31153","targetHints":{"allow":["GET"]}}],"collection":[{"href":"https:\/\/linitiative.ca\/International\/wp-json\/wp\/v2\/posts"}],"about":[{"href":"https:\/\/linitiative.ca\/International\/wp-json\/wp\/v2\/types\/post"}],"author":[{"embeddable":true,"href":"https:\/\/linitiative.ca\/International\/wp-json\/wp\/v2\/users\/1965"}],"replies":[{"embeddable":true,"href":"https:\/\/linitiative.ca\/International\/wp-json\/wp\/v2\/comments?post=31153"}],"version-history":[{"count":0,"href":"https:\/\/linitiative.ca\/International\/wp-json\/wp\/v2\/posts\/31153\/revisions"}],"wp:attachment":[{"href":"https:\/\/linitiative.ca\/International\/wp-json\/wp\/v2\/media?parent=31153"}],"wp:term":[{"taxonomy":"category","embeddable":true,"href":"https:\/\/linitiative.ca\/International\/wp-json\/wp\/v2\/categories?post=31153"},{"taxonomy":"post_tag","embeddable":true,"href":"https:\/\/linitiative.ca\/International\/wp-json\/wp\/v2\/tags?post=31153"}],"curies":[{"name":"wp","href":"https:\/\/api.w.org\/{rel}","templated":true}]}}