{"id":31154,"date":"2019-04-29T14:50:05","date_gmt":"2019-04-29T18:50:05","guid":{"rendered":"https:\/\/linitiative.ca\/International\/madagascar-la-banque-mondiale-va-debloquer-392-millions-de-dollars\/"},"modified":"2019-04-29T14:50:05","modified_gmt":"2019-04-29T18:50:05","slug":"madagascar-la-banque-mondiale-va-debloquer-392-millions-de-dollars","status":"publish","type":"post","link":"https:\/\/linitiative.ca\/International\/madagascar-la-banque-mondiale-va-debloquer-392-millions-de-dollars\/","title":{"rendered":"Madagascar: la Banque mondiale va d\u00e9bloquer 392 millions de dollars"},"content":{"rendered":"<div readability=\"32\">\n<p>Publi\u00e9 le 29.04.2019 \u00e0 19h50 par AFP<\/p>\n<\/div>\n<div readability=\"87\">\n<p>La Banque mondiale va octroyer 392 millions de dollars \u00e0 Madagascar, pays tr\u00e8s pauvre de l\u2019oc\u00e9an Indien, ont annonc\u00e9 les pr\u00e9sidents de Madagascar, Andry Rajoelina, et de la Banque mondiale, David Malpass, lundi \u00e0 Antananarivo.<\/p>\n<p>\u00ab\u00a0La Banque mondiale est \u00e0 l\u2019\u00e9coute des priorit\u00e9s \u00e9nonc\u00e9es dans le cadre de l\u2019initiative pour l\u2019\u00e9mergence de Madagascar (IEM) puisque vous avez approuv\u00e9 un financement total de 392 millions de dollars (351 millions d\u2019euros) pour Madagascar\u00a0\u00bb, a d\u00e9clar\u00e9 Andry Rajoelina, lors d\u2019une conf\u00e9rence de presse commune avec David Malpass.<\/p>\n<p>L\u2019IEM lanc\u00e9e par Andry Rajoelina, \u00e9lu \u00e0 la pr\u00e9sidence malgache fin 2018, vise \u00e0 d\u00e9velopper le pays, o\u00f9 les trois quarts de la population vivent dans l\u2019extr\u00eame pauvret\u00e9 et o\u00f9 la moiti\u00e9 des enfants de moins de cinq ans souffrent de malnutrition chronique.<\/p>\n<p>\u00ab\u00a0Ces 392 millions de dollars auront un impact concret et durable dans la vie sociale du pays car ils seront directement investis dans ces d\u00e9fis prioritaires\u00a0\u00bb, a dit le chef de l\u2019Etat.<\/p>\n<p>La somme sera r\u00e9partie entre quatre secteurs: l\u2019aide aux familles d\u00e9munies (90 millions de dollars), l\u2019am\u00e9lioration de l\u2019acc\u00e8s \u00e0 l\u2019\u00e9lectricit\u00e9 (150 millions de dollars), la s\u00e9curisation des titres fonciers dans un contexte d\u2019occupation ill\u00e9gale de terres (52 millions de dollars) et une aide budg\u00e9taire \u00e0 hauteur de 100 millions de dollars.<\/p>\n<p><ins data-revive-zoneid=\"9\" data-revive-id=\"10111e19d28d19d031742ee3b0b33eb0\"\/> <\/p>\n<p>\u00ab\u00a0La Banque mondiale octroie des financements chaque ann\u00e9e \u00e0 Madagascar, mais c\u2019est la premi\u00e8re fois qu\u2019elle accorde une aide budg\u00e9taire de 100 millions de dollars\u00a0\u00bb, a pr\u00e9cis\u00e9 la Banque mondiale.<\/p>\n<p>Cette annonce intervient quelques mois apr\u00e8s la prise de fonction d\u2019Andry Rajoelina, arriv\u00e9 au pouvoir au terme d\u2019une transition d\u00e9mocratique pacifique, alors que la Grande Ile a connu plusieurs crises politiques depuis son ind\u00e9pendance en 1960.<\/p>\n<p>\u00ab\u00a0Il y a une \u00e9norme opportunit\u00e9 compte tenu de la stabilit\u00e9\u00a0\u00bb actuelle, a estim\u00e9 David Malpass.<\/p>\n<p>Le nouveau pr\u00e9sident de la Banque mondiale a aussi annonc\u00e9 que son institution et le gouvernement malgache allaient poursuivre les discussions en vue du d\u00e9blocage, dans le courant du mois de juin, de 450 millions de dollars suppl\u00e9mentaires.<\/p>\n<\/div>\n<p>Auteur: AFP<br \/>\n<a href=\"https:\/\/www.journalducameroun.com\/fr\/madagascar-la-banque-mondiale-va-debloquer-392-millions-de-dollars\/\">Cliquez ici pour lire l&rsquo;article depuis sa source.<\/a><\/p>\n","protected":false},"excerpt":{"rendered":"<p>Publi\u00e9 le 29.04.2019 \u00e0 19h50 par AFP La Banque mondiale va octroyer 392 millions de dollars \u00e0 Madagascar, pays tr\u00e8s pauvre de l\u2019oc\u00e9an Indien, ont annonc\u00e9 les pr\u00e9sidents de Madagascar, Andry Rajoelina, et de la Banque mondiale, David Malpass, lundi \u00e0 Antananarivo. \u00ab\u00a0La Banque mondiale est \u00e0 l\u2019\u00e9coute des priorit\u00e9s \u00e9nonc\u00e9es dans le cadre de [&hellip;]<\/p>\n","protected":false},"author":1965,"featured_media":0,"comment_status":"closed","ping_status":"closed","sticky":false,"template":"","format":"standard","meta":{"fifu_image_url":"","fifu_image_alt":"","footnotes":""},"categories":[73,82],"tags":[],"class_list":["post-31154","post","type-post","status-publish","format-standard","hentry","category-actualite","category-cameroun"],"_links":{"self":[{"href":"https:\/\/linitiative.ca\/International\/wp-json\/wp\/v2\/posts\/31154","targetHints":{"allow":["GET"]}}],"collection":[{"href":"https:\/\/linitiative.ca\/International\/wp-json\/wp\/v2\/posts"}],"about":[{"href":"https:\/\/linitiative.ca\/International\/wp-json\/wp\/v2\/types\/post"}],"author":[{"embeddable":true,"href":"https:\/\/linitiative.ca\/International\/wp-json\/wp\/v2\/users\/1965"}],"replies":[{"embeddable":true,"href":"https:\/\/linitiative.ca\/International\/wp-json\/wp\/v2\/comments?post=31154"}],"version-history":[{"count":0,"href":"https:\/\/linitiative.ca\/International\/wp-json\/wp\/v2\/posts\/31154\/revisions"}],"wp:attachment":[{"href":"https:\/\/linitiative.ca\/International\/wp-json\/wp\/v2\/media?parent=31154"}],"wp:term":[{"taxonomy":"category","embeddable":true,"href":"https:\/\/linitiative.ca\/International\/wp-json\/wp\/v2\/categories?post=31154"},{"taxonomy":"post_tag","embeddable":true,"href":"https:\/\/linitiative.ca\/International\/wp-json\/wp\/v2\/tags?post=31154"}],"curies":[{"name":"wp","href":"https:\/\/api.w.org\/{rel}","templated":true}]}}