{"id":31155,"date":"2019-04-29T14:50:07","date_gmt":"2019-04-29T18:50:07","guid":{"rendered":"https:\/\/linitiative.ca\/International\/libye-combats-sur-le-plus-important-champ-petrolier\/"},"modified":"2019-04-29T14:50:07","modified_gmt":"2019-04-29T18:50:07","slug":"libye-combats-sur-le-plus-important-champ-petrolier","status":"publish","type":"post","link":"https:\/\/linitiative.ca\/International\/libye-combats-sur-le-plus-important-champ-petrolier\/","title":{"rendered":"Libye: combats sur le plus important champ p\u00e9trolier"},"content":{"rendered":"<div readability=\"32\">\n<p>Publi\u00e9 le 29.04.2019 \u00e0 19h50 par AFP<\/p>\n<\/div>\n<div readability=\"102\">\n<p>Des combats ont eu lieu dans la nuit de dimanche \u00e0 lundi sur le site du plus important champ p\u00e9trolier en Libye, a indiqu\u00e9 lundi la Compagnie nationale de p\u00e9trole (NOC), sans pr\u00e9ciser l\u2019identit\u00e9 des assaillants.<\/p>\n<p>La NOC \u00ab\u00a0condamne avec force les combats dans la nuit\u00a0\u00bb de dimanche \u00e0 lundi \u00ab\u00a0et l\u2019attaque men\u00e9e contre la station 186 du champ p\u00e9trolier d\u2019al-Charara \u00e0 l\u2019aide de roquettes RPG\u00a0\u00bb.<\/p>\n<p>Le champ d\u2019al-Charara, g\u00e9r\u00e9 par la compagnie Akakus, une entreprise commune entre la NOC, les groupes espagnol Repsol, fran\u00e7ais Total, autrichien OMV et norv\u00e9gien Statoil, est fr\u00e9quemment la cible d\u2019attaques ou de blocages causant l\u2019arr\u00eat de la production.<\/p>\n<p>Il est situ\u00e9 dans la r\u00e9gion d\u2019Oubari (environ 900 km au sud de Tripoli) et produit 315.000 barils par jour, sur une production globale libyenne de plus d\u2019un million de barils par jour, selon la compagnie nationale libyenne.<\/p>\n<p>\u00ab\u00a0Les personnels de la NOC sont indemnes et la production n\u2019a pas \u00e9t\u00e9 affect\u00e9e\u00a0\u00bb, a indiqu\u00e9 la compagnie.<\/p>\n<p>Plong\u00e9e dans le chaos depuis la chute du r\u00e9gime de Mouammar Kadhafi en 2011, la Libye est dirig\u00e9e par deux entit\u00e9s rivales: le Gouvernement d\u2019union nationale (GNA, bas\u00e9 \u00e0 Tripoli) et reconnu par la communaut\u00e9 internationale, et un cabinet parall\u00e8le install\u00e9 dans l\u2019est et soutenu par le puissant mar\u00e9chal Khalifa Haftar.<\/p>\n<p>D\u00e9but f\u00e9vrier, les forces de ce dernier, qui se sont donn\u00e9es le nom d\u2019Arm\u00e9e nationale libyenne (ANL), s\u2019\u00e9taient empar\u00e9es sans combats du champ al-Charara dans le cadre d\u2019une op\u00e9ration militaire dans le sud du pays.<\/p>\n<p><ins data-revive-zoneid=\"9\" data-revive-id=\"10111e19d28d19d031742ee3b0b33eb0\"\/> <\/p>\n<p>Depuis le 4 avril, les forces de l\u2019ANL m\u00e8nent une offensive militaire pour s\u2019emparer de la capitale Tripoli mais font face \u00e0 une r\u00e9sistance des combattants loyaux au GNA.<\/p>\n<p>Ces combats ont fait au moins 278 morts tu\u00e9es et 1.332 bless\u00e9s, selon l\u2019Organisation mondiale de la Sant\u00e9 (OMS) et 40.100 d\u00e9plac\u00e9s.<\/p>\n<p>Samedi, la NOC avait exprim\u00e9 son inqui\u00e9tude face au conflit dans le pays. \u00ab\u00a0Le d\u00e9clenchement r\u00e9cent d\u2019hostilit\u00e9s constitue une menace s\u00e9rieuse sur nos op\u00e9rations, notre production et sur l\u2019\u00e9conomie nationale\u00a0\u00bb, avait d\u00e9clar\u00e9 le patron de la NOC Moustafa Sanalla.<\/p>\n<p>\u00ab\u00a0La compagnie est tr\u00e8s pr\u00e9occup\u00e9e de la menace sur les infrastructures nationales d\u2019energie et les tentatives d\u2019utiliser les installations et les \u00e9quipements de la NOC \u00e0 des fins militaires\u00a0\u00bb, avait-il ajout\u00e9 dans un communiqu\u00e9.<\/p>\n<p>La NOC avait condamn\u00e9 notamment \u00ab\u00a0la militarisation\u00a0\u00bb de ses infrastructures, \u00e9voquant \u00ab\u00a0plusieurs incidents\u00a0\u00bb, notamment \u00e0 Sidra et Ras Lanouf, dans l\u2019est du pays, o\u00f9 les terminaux maritimes et une piste a\u00e9rienne ont \u00e9t\u00e9 utilis\u00e9s par des forces combattantes.<\/p>\n<\/div>\n<p>Auteur: AFP<br \/>\n<a href=\"https:\/\/www.journalducameroun.com\/fr\/libye-combats-sur-le-plus-important-champ-petrolier\/\">Cliquez ici pour lire l&rsquo;article depuis sa source.<\/a><\/p>\n","protected":false},"excerpt":{"rendered":"<p>Publi\u00e9 le 29.04.2019 \u00e0 19h50 par AFP Des combats ont eu lieu dans la nuit de dimanche \u00e0 lundi sur le site du plus important champ p\u00e9trolier en Libye, a indiqu\u00e9 lundi la Compagnie nationale de p\u00e9trole (NOC), sans pr\u00e9ciser l\u2019identit\u00e9 des assaillants. La NOC \u00ab\u00a0condamne avec force les combats dans la nuit\u00a0\u00bb de dimanche [&hellip;]<\/p>\n","protected":false},"author":1965,"featured_media":0,"comment_status":"closed","ping_status":"closed","sticky":false,"template":"","format":"standard","meta":{"fifu_image_url":"","fifu_image_alt":"","footnotes":""},"categories":[73,82],"tags":[],"class_list":["post-31155","post","type-post","status-publish","format-standard","hentry","category-actualite","category-cameroun"],"_links":{"self":[{"href":"https:\/\/linitiative.ca\/International\/wp-json\/wp\/v2\/posts\/31155","targetHints":{"allow":["GET"]}}],"collection":[{"href":"https:\/\/linitiative.ca\/International\/wp-json\/wp\/v2\/posts"}],"about":[{"href":"https:\/\/linitiative.ca\/International\/wp-json\/wp\/v2\/types\/post"}],"author":[{"embeddable":true,"href":"https:\/\/linitiative.ca\/International\/wp-json\/wp\/v2\/users\/1965"}],"replies":[{"embeddable":true,"href":"https:\/\/linitiative.ca\/International\/wp-json\/wp\/v2\/comments?post=31155"}],"version-history":[{"count":0,"href":"https:\/\/linitiative.ca\/International\/wp-json\/wp\/v2\/posts\/31155\/revisions"}],"wp:attachment":[{"href":"https:\/\/linitiative.ca\/International\/wp-json\/wp\/v2\/media?parent=31155"}],"wp:term":[{"taxonomy":"category","embeddable":true,"href":"https:\/\/linitiative.ca\/International\/wp-json\/wp\/v2\/categories?post=31155"},{"taxonomy":"post_tag","embeddable":true,"href":"https:\/\/linitiative.ca\/International\/wp-json\/wp\/v2\/tags?post=31155"}],"curies":[{"name":"wp","href":"https:\/\/api.w.org\/{rel}","templated":true}]}}