{"id":31156,"date":"2019-04-29T14:50:08","date_gmt":"2019-04-29T18:50:08","guid":{"rendered":"https:\/\/linitiative.ca\/International\/gabon-apres-un-mois-dabsence-mediatique-ali-bongo-recoit-le-premier-ministre-a-libreville\/"},"modified":"2019-04-29T14:50:08","modified_gmt":"2019-04-29T18:50:08","slug":"gabon-apres-un-mois-dabsence-mediatique-ali-bongo-recoit-le-premier-ministre-a-libreville","status":"publish","type":"post","link":"https:\/\/linitiative.ca\/International\/gabon-apres-un-mois-dabsence-mediatique-ali-bongo-recoit-le-premier-ministre-a-libreville\/","title":{"rendered":"Gabon: apr\u00e8s un mois d\u2019absence m\u00e9diatique, Ali Bongo re\u00e7oit le Premier ministre \u00e0 Libreville"},"content":{"rendered":"<div readability=\"32\">\n<p>Publi\u00e9 le 29.04.2019 \u00e0 19h50 par AFP<\/p>\n<\/div>\n<div readability=\"97\">\n<p>Le chef de l\u2019Etat gabonais Ali Bongo Ondimba, dont on \u00e9tait sans nouvelles depuis pr\u00e8s d\u2019un mois et que certains m\u00e9dias disaient absent du pays, a re\u00e7u lundi le Premier ministre Julien Nkoghe Bekal\u00e9 \u00e0 Libreville, a-t-il annonc\u00e9 sur Twitter.<\/p>\n<p>\u00ab\u00a0J\u2019ai longuement \u00e9chang\u00e9 ce lundi au Palais pr\u00e9sidentiel \u00e0 Libreville avec le Premier ministre\u00a0\u00bb, a d\u00e9clar\u00e9 le pr\u00e9sident gabonais. Son tweet de lundi est accompagn\u00e9 d\u2019une photo o\u00f9 on le voit recevoir le Premier ministre.<\/p>\n<p>Une communication remarqu\u00e9e \u00e0 Libreville, o\u00f9 la pr\u00e9sidence n\u2019avait pas donn\u00e9 de nouvelles depuis plus de trois semaines: plusieurs m\u00e9dias avaient alors affirm\u00e9 que le chef de l\u2019Etat \u00e9tait reparti \u00e0 l\u2019\u00e9tranger pour des raisons de sant\u00e9.<\/p>\n<p>Victime d\u2019un accident vasculaire c\u00e9r\u00e9bral en octobre, le pr\u00e9sident Ali Bongo, avait pass\u00e9 cinq mois de convalescence en dehors du Gabon.<\/p>\n<p>Il \u00e9tait rentr\u00e9 fin mars \u00e0 Libreville pour un \u00ab\u00a0retour d\u00e9finitif\u00a0\u00bb, qui devait, notamment, faire taire l\u2019opposition qui r\u00e9clamait depuis son AVC que la vacance du pouvoir soit d\u00e9clar\u00e9e.<\/p>\n<p>Durant plusieurs jours, M. Bongo avait re\u00e7u personnalit\u00e9s politiques et membres de la majorit\u00e9.<\/p>\n<p>Mais depuis le 4 avril, la pr\u00e9sidence n\u2019avait plus donn\u00e9 de nouvelles.<\/p>\n<p>Interrog\u00e9e mi-avril par l\u2019AFP sur un nouveau d\u00e9part du chef de l\u2019Etat en dehors du pays, la communication pr\u00e9sidentielle \u00e9tait rest\u00e9 muette.<\/p>\n<p><ins data-revive-zoneid=\"9\" data-revive-id=\"10111e19d28d19d031742ee3b0b33eb0\"\/> <\/p>\n<p>\u00ab\u00a0Nous avons pass\u00e9 en revue les dossiers prioritaires\u00a0\u00bb, a ajout\u00e9 dans son tweet lundi le pr\u00e9sident gabonais au sujet de son entretien avec le Premier ministre.<\/p>\n<p>\u00ab\u00a0Je lui ai rappel\u00e9 la n\u00e9cessit\u00e9 d\u2019une action publique (\u2026) qui conjugue efficacit\u00e9 \u00e9conomique et justice sociale\u00a0\u00bb, a-t-il ajout\u00e9, en r\u00e9f\u00e9rence \u00e0 la vague de divers m\u00e9contentements qui traverse le pays \u00e0 la suite de l\u2019annonce de plusieurs mesures d\u2019aust\u00e9rit\u00e9.<\/p>\n<p>\u00ab\u00a0Il a disparu plus de trois semaines et r\u00e9apparait comme s\u2019il avait disparu la veille\u00a0\u00bb, a r\u00e9agi aupr\u00e8s de l\u2019AFP Jean-Gaspard Ntoutoume Ayi, signataire d\u2019un \u00ab\u00a0appel \u00e0 agir\u00a0\u00bb avec neuf autres personnalit\u00e9s.\u00a0\u00bbLa question que je pose, c\u2019est: o\u00f9 \u00e9tait-il ?\u00a0\u00bb<\/p>\n<p>Ce collectif d\u2019opposants a saisi fin mars la justice \u00ab\u00a0afin que soit ordonn\u00e9e une expertise m\u00e9dicale sur Ali Bongo\u00a0\u00bb qui doit d\u00e9terminer s\u2019il peut continuer \u00e0 exercer ses fonctions.<\/p>\n<p>D\u00e9but avril en conf\u00e9rence de presse, le Premier ministre Julien Nkhoge Bekale assurait: le pr\u00e9sident \u00ab\u00a0va bien et sa sant\u00e9 n\u2019est pas un tabou\u00a0\u00bb.<\/p>\n<p>Ali Bongo Ondimba est au pouvoir depuis 2009 dans ce pays p\u00e9trolier d\u2019Afrique centrale, apr\u00e8s avoir succ\u00e9d\u00e9 \u00e0 son p\u00e8re, qui dirigeait le pays depuis 1967.<\/p>\n<\/div>\n<p>Auteur: AFP<br \/>\n<a href=\"https:\/\/www.journalducameroun.com\/fr\/gabon-apres-un-mois-dabsence-mediatique-ali-bongo-recoit-le-premier-ministre-a-libreville\/\">Cliquez ici pour lire l&rsquo;article depuis sa source.<\/a><\/p>\n","protected":false},"excerpt":{"rendered":"<p>Publi\u00e9 le 29.04.2019 \u00e0 19h50 par AFP Le chef de l\u2019Etat gabonais Ali Bongo Ondimba, dont on \u00e9tait sans nouvelles depuis pr\u00e8s d\u2019un mois et que certains m\u00e9dias disaient absent du pays, a re\u00e7u lundi le Premier ministre Julien Nkoghe Bekal\u00e9 \u00e0 Libreville, a-t-il annonc\u00e9 sur Twitter. \u00ab\u00a0J\u2019ai longuement \u00e9chang\u00e9 ce lundi au Palais pr\u00e9sidentiel [&hellip;]<\/p>\n","protected":false},"author":1965,"featured_media":0,"comment_status":"closed","ping_status":"closed","sticky":false,"template":"","format":"standard","meta":{"fifu_image_url":"","fifu_image_alt":"","footnotes":""},"categories":[73,82],"tags":[],"class_list":["post-31156","post","type-post","status-publish","format-standard","hentry","category-actualite","category-cameroun"],"_links":{"self":[{"href":"https:\/\/linitiative.ca\/International\/wp-json\/wp\/v2\/posts\/31156","targetHints":{"allow":["GET"]}}],"collection":[{"href":"https:\/\/linitiative.ca\/International\/wp-json\/wp\/v2\/posts"}],"about":[{"href":"https:\/\/linitiative.ca\/International\/wp-json\/wp\/v2\/types\/post"}],"author":[{"embeddable":true,"href":"https:\/\/linitiative.ca\/International\/wp-json\/wp\/v2\/users\/1965"}],"replies":[{"embeddable":true,"href":"https:\/\/linitiative.ca\/International\/wp-json\/wp\/v2\/comments?post=31156"}],"version-history":[{"count":0,"href":"https:\/\/linitiative.ca\/International\/wp-json\/wp\/v2\/posts\/31156\/revisions"}],"wp:attachment":[{"href":"https:\/\/linitiative.ca\/International\/wp-json\/wp\/v2\/media?parent=31156"}],"wp:term":[{"taxonomy":"category","embeddable":true,"href":"https:\/\/linitiative.ca\/International\/wp-json\/wp\/v2\/categories?post=31156"},{"taxonomy":"post_tag","embeddable":true,"href":"https:\/\/linitiative.ca\/International\/wp-json\/wp\/v2\/tags?post=31156"}],"curies":[{"name":"wp","href":"https:\/\/api.w.org\/{rel}","templated":true}]}}