{"id":31183,"date":"2019-04-29T12:01:03","date_gmt":"2019-04-29T16:01:03","guid":{"rendered":"https:\/\/linitiative.ca\/International\/commerce-linstallation-du-distributeur-francais-carrefour-hypothequee\/"},"modified":"2019-04-29T12:01:03","modified_gmt":"2019-04-29T16:01:03","slug":"commerce-linstallation-du-distributeur-francais-carrefour-hypothequee","status":"publish","type":"post","link":"https:\/\/linitiative.ca\/International\/commerce-linstallation-du-distributeur-francais-carrefour-hypothequee\/","title":{"rendered":"Commerce :  l\u2019installation du distributeur fran\u00e7ais Carrefour hypoth\u00e9qu\u00e9e"},"content":{"rendered":"<div class=\"featured-area featured-area-inner\"><img loading=\"lazy\" decoding=\"async\" width=\"780\" height=\"405\" src=\"https:\/\/i0.wp.com\/ecomatin.net\/wp-content\/uploads\/2019\/04\/ecomatin.net-yaounde-linstallation-du-distributeur-francais-carrefour-hypothequee-carrefour-yaounde-clubwandastic.jpg?resize=780%2C405&#038;ssl=1&#038;is-pending-load=1\" class=\"attachment-jannah-image-post size-jannah-image-post wp-post-image jetpack-lazy-image\" alt=\"\" data-attachment-id=\"7687\" data-permalink=\"https:\/\/ecomatin.net\/commerce-linstallation-du-distributeur-francais-carrefour-hypothequee\/carrefour-yaounde-clubwandastic\/\" data-orig-file=\"https:\/\/i0.wp.com\/ecomatin.net\/wp-content\/uploads\/2019\/04\/ecomatin.net-yaounde-linstallation-du-distributeur-francais-carrefour-hypothequee-carrefour-yaounde-clubwandastic.jpg?fit=1465%2C629&#038;ssl=1\" data-orig-size=\"1465,629\" data-comments-opened=\"0\" data-image-meta=\"{\"aperture\":\"0\",\"credit\":\"\",\"camera\":\"\",\"caption\":\"\",\"created_timestamp\":\"0\",\"copyright\":\"\",\"focal_length\":\"0\",\"iso\":\"0\",\"shutter_speed\":\"0\",\"title\":\"\",\"orientation\":\"0\"}\" data-image-title=\"carrefour-yaounde-clubwandastic\" data-image-description=\"\" data-medium-file=\"https:\/\/i0.wp.com\/ecomatin.net\/wp-content\/uploads\/2019\/04\/ecomatin.net-yaounde-linstallation-du-distributeur-francais-carrefour-hypothequee-carrefour-yaounde-clubwandastic.jpg?fit=300%2C129&#038;ssl=1\" data-large-file=\"https:\/\/i0.wp.com\/ecomatin.net\/wp-content\/uploads\/2019\/04\/ecomatin.net-yaounde-linstallation-du-distributeur-francais-carrefour-hypothequee-carrefour-yaounde-clubwandastic.jpg?fit=1024%2C440&#038;ssl=1\" srcset=\"data:image\/gif;base64,R0lGODlhAQABAIAAAAAAAP\/\/\/yH5BAEAAAAALAAAAAABAAEAAAIBRAA7\"\/> Maquette du supermarch\u00e9<\/div>\n<div class=\"entry-content entry clearfix\" readability=\"68.3720930233\">\n<p>Apr\u00e8s <strong>Bonamoussadi<\/strong> \u00e0 Douala, en d\u00e9cembre 2017, un supermarch\u00e9 Carrefour devait ouvrir ses portes \u00e0 Yaound\u00e9 peu avant le d\u00e9marrage de la <strong>Coupe d\u2019Afrique des nations<\/strong> (Can) pr\u00e9vue au Cameroun en juin 2019, et qui avait finalement \u00e9t\u00e9 retir\u00e9e au pays au profit de l\u2019Egypte. Mais, l\u2019on assiste sinon \u00e0 un glissement de date, du moins \u00e0 un blocage du projet par une proc\u00e9dure judiciaire qui oppose le g\u00e9ant fran\u00e7ais de la distribution \u00e0 des familles autochtones de la capitale, les Mvog Ela et Mvog Mbia Tsala, en l\u2019occurrence, qui r\u00e9clament la propri\u00e9t\u00e9 du site sur lequel la boutique Carrefour est en construction au lieudit <strong>Ekoudou<\/strong>, en face du <strong>Palais polyvalent\u00a0 des sports de Yaound\u00e9<\/strong>. Lesdites familles, qui brandissent un titre foncier sur ce terrain de plus 4 hectares d\u00e9livr\u00e9 par l\u2019administration coloniale en 1948 avaient, au terme d\u2019un conseil de famille le 09 juin 2018, saccag\u00e9 le chantier de <strong>Carrefour<\/strong>. Plusieurs membres avaient \u00e9t\u00e9 arr\u00eat\u00e9s par la police sur ordre du pr\u00e9fet du Mfoundi<strong>, Jean Claude Tsila<\/strong>, puis lib\u00e9r\u00e9s sous caution.<\/p>\n<p>Alors que la proc\u00e9dure est pendante en justice, le projet du consortium <strong>Carrefour-Cfao Retail<\/strong>, un investissement de <strong>30 milliards Fcfa<\/strong> pour 350 emplois directs, est depuis bloqu\u00e9. Et, selon Jeune Afrique, dans son num\u00e9ro 3040 du 14 au 20 avril dernier, le bail emphyt\u00e9otique (d\u2019une dur\u00e9e de 18 \u00e0 99 ans) accord\u00e9 par l\u2019Etat du Cameroun au consortium fran\u00e7ais pourrait \u00eatre annul\u00e9 par la justice gr\u00e2ce au recours en exc\u00e8s de pouvoir introduit par les premiers propri\u00e9taires du site. Selon <strong>Luc Demez,<\/strong> Directeur g\u00e9n\u00e9ral de <strong>Cfao Retail<\/strong> au Cameroun, <strong>Carrefour Market Yaound\u00e9<\/strong>, comme c\u2019est le cas avec Douala, est cens\u00e9 proposer une offre exclusive de produits frais de qualit\u00e9 \u00e0 marque Carrefour, et plus de 1500 r\u00e9f\u00e9rences made in Cameroon. Les familles autochtones qui r\u00e9clament la propri\u00e9t\u00e9 du terrain litigieux sur lequel se trouve ce projet avaient \u00e9t\u00e9 d\u00e9log\u00e9es en 2008 par la <strong>communaut\u00e9 urbaine de Yaound\u00e9<\/strong>, qui y avait install\u00e9 une base vie de l\u2019entreprise fran\u00e7aise Razel, qui r\u00e9alise divers travaux d\u2019am\u00e9nagement urbain \u00e0 Yaound\u00e9. C\u2019est-\u00e0-dire, huit ans avant la signature par l\u2019ex-Premier ministre <strong>Philemon Yang<\/strong>, le 14 novembre 2016, d\u2019un d\u00e9cret portant expropriation de ces familles pour cause d\u2019utilit\u00e9 publique.<\/p>\n<div class=\"about-author about-author-box container-wrapper\">\n<div class=\"author-avatar\">\n<p><img decoding=\"async\" src=\"http:\/\/\" alt=\"\"\/><\/p>\n<\/div>\n<p><h4>La R\u00e9daction EcoMatin<\/h4>\n<\/p>\n<\/div>\n<div class=\"awac-wrapper awac widget blog_subscription-2\">\n<h4 class=\"widget-title\">Abonnez-vous \u00e0 notre lettre d&rsquo;information<\/h4>\n<\/div>\n<\/div>\n<div class=\"toggle-post-content clearfix\"><a id=\"toggle-post-button\" class=\"button\" href=\"#\">Afficher plus <\/a><\/div>\n<p>Auteur: EcoMatin<br \/>\n<a href=\"https:\/\/ecomatin.net\/commerce-linstallation-du-distributeur-francais-carrefour-hypothequee\/\">Cliquez ici pour lire l&rsquo;article depuis sa source.<\/a><\/p>\n","protected":false},"excerpt":{"rendered":"<p>Maquette du supermarch\u00e9 Apr\u00e8s Bonamoussadi \u00e0 Douala, en d\u00e9cembre 2017, un supermarch\u00e9 Carrefour devait ouvrir ses portes \u00e0 Yaound\u00e9 peu avant le d\u00e9marrage de la Coupe d\u2019Afrique des nations (Can) pr\u00e9vue au Cameroun en juin 2019, et qui avait finalement \u00e9t\u00e9 retir\u00e9e au pays au profit de l\u2019Egypte. Mais, l\u2019on assiste sinon \u00e0 un glissement [&hellip;]<\/p>\n","protected":false},"author":1969,"featured_media":0,"comment_status":"closed","ping_status":"closed","sticky":false,"template":"","format":"standard","meta":{"fifu_image_url":"","fifu_image_alt":"","footnotes":""},"categories":[82,78],"tags":[],"class_list":["post-31183","post","type-post","status-publish","format-standard","hentry","category-cameroun","category-economie"],"_links":{"self":[{"href":"https:\/\/linitiative.ca\/International\/wp-json\/wp\/v2\/posts\/31183","targetHints":{"allow":["GET"]}}],"collection":[{"href":"https:\/\/linitiative.ca\/International\/wp-json\/wp\/v2\/posts"}],"about":[{"href":"https:\/\/linitiative.ca\/International\/wp-json\/wp\/v2\/types\/post"}],"author":[{"embeddable":true,"href":"https:\/\/linitiative.ca\/International\/wp-json\/wp\/v2\/users\/1969"}],"replies":[{"embeddable":true,"href":"https:\/\/linitiative.ca\/International\/wp-json\/wp\/v2\/comments?post=31183"}],"version-history":[{"count":0,"href":"https:\/\/linitiative.ca\/International\/wp-json\/wp\/v2\/posts\/31183\/revisions"}],"wp:attachment":[{"href":"https:\/\/linitiative.ca\/International\/wp-json\/wp\/v2\/media?parent=31183"}],"wp:term":[{"taxonomy":"category","embeddable":true,"href":"https:\/\/linitiative.ca\/International\/wp-json\/wp\/v2\/categories?post=31183"},{"taxonomy":"post_tag","embeddable":true,"href":"https:\/\/linitiative.ca\/International\/wp-json\/wp\/v2\/tags?post=31183"}],"curies":[{"name":"wp","href":"https:\/\/api.w.org\/{rel}","templated":true}]}}