{"id":31217,"date":"2019-04-29T14:10:37","date_gmt":"2019-04-29T18:10:37","guid":{"rendered":"https:\/\/linitiative.ca\/International\/alger-15-nouveaux-marches-et-53-marches-parisiens-pour-le-ramadhan\/"},"modified":"2019-04-29T14:10:37","modified_gmt":"2019-04-29T18:10:37","slug":"alger-15-nouveaux-marches-et-53-marches-parisiens-pour-le-ramadhan","status":"publish","type":"post","link":"https:\/\/linitiative.ca\/International\/alger-15-nouveaux-marches-et-53-marches-parisiens-pour-le-ramadhan\/","title":{"rendered":"Alger: 15 nouveaux march\u00e9s et 53 march\u00e9s parisiens pour le Ramadhan"},"content":{"rendered":"<div>\n<div class=\"K2FeedImage\"><img decoding=\"async\" src=\"http:\/\/www.aps.dz\/media\/k2\/items\/cache\/96bcc2c75cf0ed49078acb222e1887f8_S.jpg\" alt=\"Alger: 15 nouveaux march\u00e9s et 53 march\u00e9s parisiens pour le Ramadhan\"><\/div>\n<div class=\"K2FeedIntroText\">\n<p><strong>ALGER &#8211; Quelque 53 march\u00e9s parisiens de fruits et l\u00e9gumes seront ouverts cette semaine \u00e0 Alger et 15 nouveaux march\u00e9s de proximit\u00e9 seront mis en service avant le Ramadhan au niveau des nouvelles cit\u00e9s, a indiqu\u00e9 lundi le charg\u00e9 de l&rsquo;information aupr\u00e8s de la Direction du Commerce de la wilaya d&rsquo;Alger, Dahar Ayachi.<\/strong><\/p>\n<\/div>\n<div class=\"K2FeedFullText\">\n<p>53 march\u00e9s parisiens proposant des fruits et l\u00e9gumes \u00e0 \u00ab\u00a0des prix \u00e9tudi\u00e9s\u00a0\u00bb seront ouverts cette semaine dans plusieurs circonscriptions administratives, \u00e0 l&rsquo;instar d&rsquo;El Harrach, Hussein Dey, Ch\u00e9raga, Bab El Oued, Birtouta, Draria, Rouiba, Baraki et Sidi M&rsquo;hamed, a d\u00e9clar\u00e9 \u00e0 M. Dahar \u00e0 l&rsquo;APS.<\/p>\n<p>15 nouveaux march\u00e9s de proximit\u00e9 de fruits et l\u00e9gumes et de produits alimentaires seront mis en service peu avant le mois sacr\u00e9 dans les nouvelles cit\u00e9s pour r\u00e9pondre aux besoins des citoyens de plusieurs communes d&rsquo;Alger, \u00e0 l&rsquo;instar de Shaoula, Tessala El Merdja, Bouchaoui, Dou\u00e9ra, Boumaati, Hussein Dey (Brossettes), Mahalma, Ch\u00e9raga, A\u00efn B\u00e9nian, Draria, Khera\u00efcia, Baba Hassen et Hammamet, a-t-il ajout\u00e9.<\/p>\n<p>M. Dehar a fait \u00e9tat \u00e9galement de l&rsquo;ouverture, au courant de cette semaine (\u00e0 partir de jeudi 2 mai), de trois (03) march\u00e9s sp\u00e9cifiques au Ramadhan avec la participation d&rsquo;op\u00e9rateurs \u00e9conomiques, et ce, en coordination avec l&rsquo;Union G\u00e9n\u00e9rale des Commer\u00e7ants et Artisans Alg\u00e9riens (UGCAA).<\/p>\n<p>Ces march\u00e9s seront\u00a0 r\u00e9partis \u00e0 travers les communes de Bab El Oued (Place El Kettani), sur une superficie de 6.000 m\u00e8tres carr\u00e9s,\u00a0 Zeralda sur 700 m2 (stade municipal) et d&rsquo;Ain Banian (Rue Bouroua Si Lounes) sur 1.500 m2.<\/p>\n<hr>\n<h3>Lire aussi:\u00a0<a href=\"http:\/\/www.aps.dz\/economie\/88749-ouverture-de-530-marches-de-proximite-en-prevision-du-mois-de-ramadhan\" target=\"_blank\" rel=\"noopener noreferrer\">Ouverture de 530 march\u00e9s de proximit\u00e9 en pr\u00e9vision du mois de Ramadhan<\/a><\/h3>\n<hr>\n<p>Par ailleurs, le m\u00eame responsable a pr\u00e9cis\u00e9 que le march\u00e9 de proximit\u00e9 organis\u00e9 habituellement au niveau du si\u00e8ge de l&rsquo;Union G\u00e9n\u00e9rale des Travailleurs Alg\u00e9riens (UGTA) \u00e0 la Place du 1er Mai n&rsquo;aura pas lieu cette ann\u00e9e.<\/p>\n<p>Il a assur\u00e9 que les indicateurs disponibles au niveau de l&rsquo;Administration du secteur confirment disponibilit\u00e9 des diff\u00e9rentes marchandises, (l\u00e9gumes, viandes, poissons, semoule, farine et lait).<\/p>\n<p>M.\u00a0Dehar a annonc\u00e9, en outre, l&rsquo;organisation, en coordination avec UGCAA, les associations de protection du consommateur et l&rsquo;Association des malades diab\u00e9tiques, de campagnes de sensibilisation sur notamment les dangers de l&rsquo;intoxication alimentaire, l&rsquo;approvisionnement r\u00e9gulier en produits de consommation et le respect des prix codifi\u00e9s.<\/p>\n<p>D&rsquo;autres campagnes de sensibilisation seront \u00e9galement organis\u00e9es, concernant la lutte contre le ph\u00e9nom\u00e8ne de gaspillage alimentaire, la r\u00e9duction du taux de sucre, du sel, des mati\u00e8res grasses, ainsi que l&rsquo;alimentation chez les patients atteints de pathologies chroniques.<\/p>\n<\/div>\n<\/div>\n<p>Auteur:<br \/>\n<a href=\"http:\/\/www.aps.dz\/regions\/88815-alger-15-nouveaux-marches-de-proximite-et-53-marches-parisiens-pour-le-ramadhan\">Cliquez ici pour lire l&rsquo;article depuis sa source.<\/a><\/p>\n","protected":false},"excerpt":{"rendered":"<p>ALGER &#8211; Quelque 53 march\u00e9s parisiens de fruits et l\u00e9gumes seront ouverts cette semaine \u00e0 Alger et 15 nouveaux march\u00e9s de proximit\u00e9 seront mis en service avant le Ramadhan au niveau des nouvelles cit\u00e9s, a indiqu\u00e9 lundi le charg\u00e9 de l&rsquo;information aupr\u00e8s de la Direction du Commerce de la wilaya d&rsquo;Alger, Dahar Ayachi. 53 march\u00e9s [&hellip;]<\/p>\n","protected":false},"author":1790,"featured_media":31218,"comment_status":"closed","ping_status":"closed","sticky":false,"template":"","format":"standard","meta":{"fifu_image_url":"","fifu_image_alt":"","footnotes":""},"categories":[53,76],"tags":[],"class_list":["post-31217","post","type-post","status-publish","format-standard","has-post-thumbnail","hentry","category-algerie","category-regions"],"_links":{"self":[{"href":"https:\/\/linitiative.ca\/International\/wp-json\/wp\/v2\/posts\/31217","targetHints":{"allow":["GET"]}}],"collection":[{"href":"https:\/\/linitiative.ca\/International\/wp-json\/wp\/v2\/posts"}],"about":[{"href":"https:\/\/linitiative.ca\/International\/wp-json\/wp\/v2\/types\/post"}],"author":[{"embeddable":true,"href":"https:\/\/linitiative.ca\/International\/wp-json\/wp\/v2\/users\/1790"}],"replies":[{"embeddable":true,"href":"https:\/\/linitiative.ca\/International\/wp-json\/wp\/v2\/comments?post=31217"}],"version-history":[{"count":0,"href":"https:\/\/linitiative.ca\/International\/wp-json\/wp\/v2\/posts\/31217\/revisions"}],"wp:featuredmedia":[{"embeddable":true,"href":"https:\/\/linitiative.ca\/International\/wp-json\/"}],"wp:attachment":[{"href":"https:\/\/linitiative.ca\/International\/wp-json\/wp\/v2\/media?parent=31217"}],"wp:term":[{"taxonomy":"category","embeddable":true,"href":"https:\/\/linitiative.ca\/International\/wp-json\/wp\/v2\/categories?post=31217"},{"taxonomy":"post_tag","embeddable":true,"href":"https:\/\/linitiative.ca\/International\/wp-json\/wp\/v2\/tags?post=31217"}],"curies":[{"name":"wp","href":"https:\/\/api.w.org\/{rel}","templated":true}]}}