{"id":31219,"date":"2019-04-29T14:26:45","date_gmt":"2019-04-29T18:26:45","guid":{"rendered":"https:\/\/linitiative.ca\/International\/reprise-de-lactivite-au-groupe-dacierie-tosialy-doran\/"},"modified":"2019-04-29T14:26:45","modified_gmt":"2019-04-29T18:26:45","slug":"reprise-de-lactivite-au-groupe-dacierie-tosialy-doran","status":"publish","type":"post","link":"https:\/\/linitiative.ca\/International\/reprise-de-lactivite-au-groupe-dacierie-tosialy-doran\/","title":{"rendered":"Reprise de l&rsquo;activit\u00e9 au groupe d\u2019aci\u00e9rie Tosialy d\u2019Oran"},"content":{"rendered":"<div>\n<div class=\"K2FeedIntroText\">\n<p><strong>ORAN &#8211; Le groupe d\u2019aci\u00e9rie &lsquo;Tosialy&rsquo;, situ\u00e9 dans la zone d\u2019activit\u00e9s de Bethioua (est d\u2019Oran), a repris lundi ses activit\u00e9s apr\u00e8s un arr\u00eat de 28 jours suite \u00e0 un mouvement de protestation des travailleurs, a-t-on appris du directeur de wilaya de l\u2019industrie et des mines.<\/strong><\/p>\n<\/div>\n<div class=\"K2FeedFullText\">\n<p>La reprise de la production au sein de ce complexe, fruit d\u2019un investissement d\u2019un op\u00e9rateur turc en Alg\u00e9rie, intervient apr\u00e8s que la direction de ce groupe ait trouv\u00e9 un d\u00e9nouement en collaboration avec des directions locales li\u00e9es \u00e0 l\u2019activit\u00e9 \u00e9conomique, a indiqu\u00e9 \u00e0 l&rsquo;APS Abderrahim Khaldoun.<\/p>\n<p>Le complexe, avec ses trois unit\u00e9s productives employant 4.000 travailleurs, a connu un arr\u00eat d&rsquo;activit\u00e9 suite \u00e0 une gr\u00e8ve sur la base de revendications socio-professionnelles.<\/p>\n<p>La Direction du complexe a commenc\u00e9 \u00e0 r\u00e9gler la situation des travailleurs en confirmant d&rsquo;anciens contractuels, en augmentant les salaires \u00e0 hauteur de 15 %, en cr\u00e9ant une convention collective et en permettant aux travailleurs r\u00e9unis en assembl\u00e9e g\u00e9n\u00e9rale d\u2019\u00e9lire leur section syndicale, a fait savoir M. Khaldoun.<\/p>\n<p>Les travailleurs du groupe ont observ\u00e9 plusieurs sit-in ces derniers jours, dont deux devant le si\u00e8ge de la wilaya d&rsquo;Oran dimanche et lundi. Le Wali d\u2019Oran, Mouloud Ch\u00e9rifi a re\u00e7u des repr\u00e9sentants des travailleurs pour tenter de contribuer \u00e0 r\u00e9soudre des probl\u00e8mes exprim\u00e9s.<\/p>\n<p>Parmi les cas soulev\u00e9s celui de 39 travailleurs du complexe de Tosyali ayant fait l&rsquo;objet de licenciement apr\u00e8s leur comparution, les semaines derni\u00e8res, devant le conseil de discipline.<\/p>\n<p>L\u2019APS a contact\u00e9 des responsables de l\u2019usine \u00e0 ce sujet, mais en vain. Selon des sources de la wilaya d\u2019Oran, la possibilit\u00e9 de revoir les d\u00e9cisions de sanction \u00e0 l\u2019encontre de ces travailleurs \u00ab\u00a0est envisageable\u00a0\u00bb.<\/p>\n<p>Par ailleurs, une source responsable des services de la gendarmerie nationale a affirm\u00e9 que contrairement \u00e0 ce qui a \u00e9t\u00e9 rapport\u00e9, notamment sur les r\u00e9seaux sociaux, \u00ab\u00a0aucune affaire de corruption n\u2019a \u00e9t\u00e9 trait\u00e9e \u00e0 ce jour concernant l\u2019activit\u00e9 de ce groupe\u00a0\u00bb, expliquant que les \u00e9l\u00e9ments de la gendarmerie nationale ont agi pour maintenir l\u2019ordre et la s\u00e9curit\u00e9 en arr\u00eatant quatre personnes ayant perturb\u00e9 la reprise de l\u2019activit\u00e9 du complexe.<\/p>\n<p>Le complexe Tosialy, qui a entam\u00e9 derni\u00e8rement l\u2019\u2019exportation de ses divers produits de fer et d&rsquo;acier, dispose d&rsquo;une capacit\u00e9 productive de 2,5 millions de tonnes\/an. Il est pr\u00e9vu le lancement prochain de sa 4\u00e8me unit\u00e9 productive apr\u00e8s obtention d&rsquo;un permis de construire, pour atteindre un volume de production de 3 millions de tonnes.<\/p>\n<\/div>\n<\/div>\n<p>Auteur:<br \/>\n<a href=\"http:\/\/www.aps.dz\/regions\/88818-reprise-de-l-activite-au-groupe-d-acierie-tosialy-d-oran\">Cliquez ici pour lire l&rsquo;article depuis sa source.<\/a><\/p>\n","protected":false},"excerpt":{"rendered":"<p>ORAN &#8211; Le groupe d\u2019aci\u00e9rie &lsquo;Tosialy&rsquo;, situ\u00e9 dans la zone d\u2019activit\u00e9s de Bethioua (est d\u2019Oran), a repris lundi ses activit\u00e9s apr\u00e8s un arr\u00eat de 28 jours suite \u00e0 un mouvement de protestation des travailleurs, a-t-on appris du directeur de wilaya de l\u2019industrie et des mines. La reprise de la production au sein de ce complexe, [&hellip;]<\/p>\n","protected":false},"author":1790,"featured_media":0,"comment_status":"closed","ping_status":"closed","sticky":false,"template":"","format":"standard","meta":{"fifu_image_url":"","fifu_image_alt":"","footnotes":""},"categories":[53,76],"tags":[],"class_list":["post-31219","post","type-post","status-publish","format-standard","hentry","category-algerie","category-regions"],"_links":{"self":[{"href":"https:\/\/linitiative.ca\/International\/wp-json\/wp\/v2\/posts\/31219","targetHints":{"allow":["GET"]}}],"collection":[{"href":"https:\/\/linitiative.ca\/International\/wp-json\/wp\/v2\/posts"}],"about":[{"href":"https:\/\/linitiative.ca\/International\/wp-json\/wp\/v2\/types\/post"}],"author":[{"embeddable":true,"href":"https:\/\/linitiative.ca\/International\/wp-json\/wp\/v2\/users\/1790"}],"replies":[{"embeddable":true,"href":"https:\/\/linitiative.ca\/International\/wp-json\/wp\/v2\/comments?post=31219"}],"version-history":[{"count":0,"href":"https:\/\/linitiative.ca\/International\/wp-json\/wp\/v2\/posts\/31219\/revisions"}],"wp:attachment":[{"href":"https:\/\/linitiative.ca\/International\/wp-json\/wp\/v2\/media?parent=31219"}],"wp:term":[{"taxonomy":"category","embeddable":true,"href":"https:\/\/linitiative.ca\/International\/wp-json\/wp\/v2\/categories?post=31219"},{"taxonomy":"post_tag","embeddable":true,"href":"https:\/\/linitiative.ca\/International\/wp-json\/wp\/v2\/tags?post=31219"}],"curies":[{"name":"wp","href":"https:\/\/api.w.org\/{rel}","templated":true}]}}