{"id":31220,"date":"2019-04-29T14:45:46","date_gmt":"2019-04-29T18:45:46","guid":{"rendered":"https:\/\/linitiative.ca\/International\/casbah-preparatifs-de-relogement-dune-premiere-tranche-dhabitants-debut-ramadhan\/"},"modified":"2019-04-29T14:45:46","modified_gmt":"2019-04-29T18:45:46","slug":"casbah-preparatifs-de-relogement-dune-premiere-tranche-dhabitants-debut-ramadhan","status":"publish","type":"post","link":"https:\/\/linitiative.ca\/International\/casbah-preparatifs-de-relogement-dune-premiere-tranche-dhabitants-debut-ramadhan\/","title":{"rendered":"Casbah : pr\u00e9paratifs de relogement d&rsquo;une premi\u00e8re tranche d&rsquo;habitants d\u00e9but Ramadhan"},"content":{"rendered":"<div>\n<div class=\"K2FeedImage\"><img decoding=\"async\" src=\"http:\/\/www.aps.dz\/media\/k2\/items\/cache\/b1117759cd1238dff98308d09647521f_S.jpg\" alt=\"Casbah : pr\u00e9paratifs de relogement d'une premi\u00e8re tranche d'habitants d\u00e9but Ramadhan\"><\/div>\n<div class=\"K2FeedIntroText\">\n<p>ALGER &#8211; Les services de la commune de la Casbah ont entam\u00e9, lundi, le recensement des familles r\u00e9sidant \u00e0 la rue Ali Tamglit (basse Casbah), en pr\u00e9paration d&rsquo;une op\u00e9ration de relogement qui devrait intervenir au d\u00e9but du Ramadhan prochain et qui concernera 7 immeubles class\u00e9s \u00ab\u00a0rouge\u00a0\u00bb et \u00ab\u00a0orange\u00a0\u00bb, selon le Pr\u00e9sident de l&rsquo;Assembl\u00e9e populaire communale (APC).<\/p>\n<\/div>\n<div class=\"K2FeedFullText\">\n<p>En ex\u00e9cution des r\u00e9centes instructions du wali d&rsquo;Alger, Abdelkhalek Siouda, il a \u00e9t\u00e9 proc\u00e9d\u00e9 \u00ab\u00a0au recensement des familles r\u00e9sidant dans les immeubles mena\u00e7ant ruine au niveau de la rue Ali Tamglit\u00a0\u00bb, a d\u00e9clar\u00e9 \u00e0 l&rsquo;APS le pr\u00e9sident de l&rsquo;APC de la Casbah, Omar Stili, pr\u00e9cisant qu&rsquo;il s&rsquo;agit de 4 immeuble dont un class\u00e9 \u00ab\u00a0rouge\u00a0\u00bb et trois \u00ab\u00a0orange 4\u00a0\u00bb, affirmant que le relogement est pr\u00e9vu au d\u00e9but du Ramadhan.<\/p>\n<p>Il a fait savoir que l&rsquo;enqu\u00eate men\u00e9e par les assistantes sociales avait pour but de \u00ab\u00a0pr\u00e9parer le relogement de la premi\u00e8re tranche des habitant de la Casbah\u00a0\u00bb, \u00e0 savoir les r\u00e9sidents de la rue o\u00f9 un immeuble s&rsquo;\u00e9tait effondr\u00e9 la semaine derni\u00e8re entrainant la mort de 5 membres d&rsquo;une m\u00eame famille.<\/p>\n<p>Cette op\u00e9ration de recensement se poursuivra jusqu&rsquo;au relogement de tous les habitants de la Casbah, a-t-il assur\u00e9.<\/p>\n<hr>\n<p><em><strong>Lire aussi: <a href=\"http:\/\/www.aps.dz\/regions\/88487-la-25e-operation-de-relogement-en-faveur-des-habitants-de-la-casbah-en-preparation\">La 25\u00e8 op\u00e9ration de relogement des habitants de la\u00a0<span class=\"highlight\">Casbah<\/span>\u00a0en pr\u00e9paration<\/a><\/strong><\/em><\/p>\n<hr>\n<p>\u00ab\u00a0La Casbah a besoin aujourd&rsquo;hui d&rsquo;un traitement particulier au vu des 300 foyers class\u00e9s rouges\u00a0\u00bb, a-t-il estim\u00e9 affirmant que \u00ab\u00a0ceci avait \u00e9t\u00e9 signal\u00e9s \u00e0 l&rsquo;administration pr\u00e9c\u00e9dente de la Wilaya mais l&rsquo;origine des lenteurs reste inconnue\u00a0\u00bb.<\/p>\n<p>A ce propos, M. Stili a \u00e9voqu\u00e9 le traitement \u00ab\u00a0lent\u00a0\u00bb des dossiers des immeubles pr\u00e9caires voulant pour preuve, \u00ab\u00a0le relogement de 30 familles de \u00ab\u00a0Douirate\u00a0\u00bb seulement depuis 2018\u00a0\u00bb.<\/p>\n<p>De son c\u00f4t\u00e9, le membre de \u00ab\u00a0la Fondation Casbah\u00a0\u00bb, Harkat Fatah, a affirm\u00e9 que \u00ab\u00a0les immeubles 5, 11 et 13 ont re\u00e7u, lundi, des repr\u00e9sentantes de la commune\u00a0\u00bb, qui ont proc\u00e9d\u00e9 au recensement des familles devant \u00eatre reloger dans les prochaines semaines.<\/p>\n<\/div>\n<\/div>\n<p>Auteur:<br \/>\n<a href=\"http:\/\/www.aps.dz\/regions\/88822-casbah-preparatifs-de-relogement-d-une-premiere-tranche-d-habitants-debut-ramadhan\">Cliquez ici pour lire l&rsquo;article depuis sa source.<\/a><\/p>\n","protected":false},"excerpt":{"rendered":"<p>ALGER &#8211; Les services de la commune de la Casbah ont entam\u00e9, lundi, le recensement des familles r\u00e9sidant \u00e0 la rue Ali Tamglit (basse Casbah), en pr\u00e9paration d&rsquo;une op\u00e9ration de relogement qui devrait intervenir au d\u00e9but du Ramadhan prochain et qui concernera 7 immeubles class\u00e9s \u00ab\u00a0rouge\u00a0\u00bb et \u00ab\u00a0orange\u00a0\u00bb, selon le Pr\u00e9sident de l&rsquo;Assembl\u00e9e populaire communale [&hellip;]<\/p>\n","protected":false},"author":1790,"featured_media":31221,"comment_status":"closed","ping_status":"closed","sticky":false,"template":"","format":"standard","meta":{"fifu_image_url":"","fifu_image_alt":"","footnotes":""},"categories":[53,76],"tags":[],"class_list":["post-31220","post","type-post","status-publish","format-standard","has-post-thumbnail","hentry","category-algerie","category-regions"],"_links":{"self":[{"href":"https:\/\/linitiative.ca\/International\/wp-json\/wp\/v2\/posts\/31220","targetHints":{"allow":["GET"]}}],"collection":[{"href":"https:\/\/linitiative.ca\/International\/wp-json\/wp\/v2\/posts"}],"about":[{"href":"https:\/\/linitiative.ca\/International\/wp-json\/wp\/v2\/types\/post"}],"author":[{"embeddable":true,"href":"https:\/\/linitiative.ca\/International\/wp-json\/wp\/v2\/users\/1790"}],"replies":[{"embeddable":true,"href":"https:\/\/linitiative.ca\/International\/wp-json\/wp\/v2\/comments?post=31220"}],"version-history":[{"count":0,"href":"https:\/\/linitiative.ca\/International\/wp-json\/wp\/v2\/posts\/31220\/revisions"}],"wp:featuredmedia":[{"embeddable":true,"href":"https:\/\/linitiative.ca\/International\/wp-json\/"}],"wp:attachment":[{"href":"https:\/\/linitiative.ca\/International\/wp-json\/wp\/v2\/media?parent=31220"}],"wp:term":[{"taxonomy":"category","embeddable":true,"href":"https:\/\/linitiative.ca\/International\/wp-json\/wp\/v2\/categories?post=31220"},{"taxonomy":"post_tag","embeddable":true,"href":"https:\/\/linitiative.ca\/International\/wp-json\/wp\/v2\/tags?post=31220"}],"curies":[{"name":"wp","href":"https:\/\/api.w.org\/{rel}","templated":true}]}}