{"id":31331,"date":"2019-04-30T14:05:49","date_gmt":"2019-04-30T18:05:49","guid":{"rendered":"https:\/\/linitiative.ca\/International\/le-plaidoyer-de-la-cfcim\/"},"modified":"2019-04-30T14:05:49","modified_gmt":"2019-04-30T18:05:49","slug":"le-plaidoyer-de-la-cfcim","status":"publish","type":"post","link":"https:\/\/linitiative.ca\/International\/le-plaidoyer-de-la-cfcim\/","title":{"rendered":"Le plaidoyer de la CFCIM"},"content":{"rendered":"<p class=\"p1\">Des dispositions \u00e0 clarifier d\u2019une mani\u00e8re formelle, la refonte de l\u2019IS, la dissolution de la Commission locale de taxation, les pistes pour lutter contre l\u2019informel\u2026, la Chambre Fran\u00e7aise de Commerce et d\u2019Industrie du Maroc (<strong>CFCIM<\/strong>) a transmis une batterie de propositions aux Assises de la fiscalit\u00e9.<\/p>\n<div class=\"c10\"\/>\n<p class=\"p1\">Pour la CFCIM \u00e0 travers sa Commission juridique, fiscale et sociale, le syst\u00e8me fiscal marocain a cr\u00e9\u00e9 aujourd\u2019hui trois cat\u00e9gories de citoyens qui s\u2019accusent mutuellement. D\u2019une part, les salari\u00e9s qui se lamentent d\u2019\u00eatre les contribuables les plus faciles \u00e0 taxer puisqu\u2019ils sont pr\u00e9lev\u00e9s \u00e0 la source sans possibilit\u00e9s d\u2019optimisation. Et, ils accusent les chefs d\u2019entreprises de b\u00e9n\u00e9ficier de leviers et d\u2019outils pour optimiser leur fiscalit\u00e9.<\/p>\n<p>Lire aussi : <a href=\"https:\/\/www.challenge.ma\/assises-nationales-de-la-fiscalite-le-programme-108510\/\" target=\"_blank\" rel=\"noopener noreferrer\">Assises nationales de la fiscalit\u00e9 : le programme complet<\/a><\/p>\n<p class=\"p1\">D\u2019autre part, les chefs d\u2019entreprises qui se plaignent des contr\u00f4les fiscaux de plus en plus fr\u00e9quents et accusent l\u2019administration de ne pas lutter contre l\u2019informel qui repr\u00e9sente 20% du PIB et qui ne contribue pas au syst\u00e8me fiscal d\u00e9claratif.<\/p>\n<p class=\"p1\">Ainsi, la CFCIM a transmis sa contribution aux Assises nationales de la fiscalit\u00e9, un plaidoyer pour un syst\u00e8me fiscal juste et \u00e9quitable. Aux yeux de ses experts, plusieurs mesures devraient \u00eatre adopt\u00e9es afin d\u2019am\u00e9liorer le syst\u00e8me fiscal.<\/p>\n<div class=\"c17\">\n<fieldset class=\"c16\">\n<legend><strong><span class=\"c11\">Challenge<\/span><span class=\"c12\">news<\/span><\/strong><\/legend>\n<div class=\"c15\">Le meilleur de la r\u00e9daction s\u00e9lectionn\u00e9 par Challenge :<\/p>\n<\/div>\n<\/fieldset>\n<\/div>\n<p>Auteur: challenge<br \/>\n<a href=\"https:\/\/www.challenge.ma\/le-plaidoyer-de-la-cfcim-108492\/\">Cliquez ici pour lire l&rsquo;article depuis sa source.<\/a><\/p>\n","protected":false},"excerpt":{"rendered":"<p>Des dispositions \u00e0 clarifier d\u2019une mani\u00e8re formelle, la refonte de l\u2019IS, la dissolution de la Commission locale de taxation, les pistes pour lutter contre l\u2019informel\u2026, la Chambre Fran\u00e7aise de Commerce et d\u2019Industrie du Maroc (CFCIM) a transmis une batterie de propositions aux Assises de la fiscalit\u00e9. Pour la CFCIM \u00e0 travers sa Commission juridique, fiscale [&hellip;]<\/p>\n","protected":false},"author":1787,"featured_media":0,"comment_status":"closed","ping_status":"closed","sticky":false,"template":"","format":"standard","meta":{"fifu_image_url":"","fifu_image_alt":"","footnotes":""},"categories":[78,54],"tags":[],"class_list":["post-31331","post","type-post","status-publish","format-standard","hentry","category-economie","category-maroc"],"_links":{"self":[{"href":"https:\/\/linitiative.ca\/International\/wp-json\/wp\/v2\/posts\/31331","targetHints":{"allow":["GET"]}}],"collection":[{"href":"https:\/\/linitiative.ca\/International\/wp-json\/wp\/v2\/posts"}],"about":[{"href":"https:\/\/linitiative.ca\/International\/wp-json\/wp\/v2\/types\/post"}],"author":[{"embeddable":true,"href":"https:\/\/linitiative.ca\/International\/wp-json\/wp\/v2\/users\/1787"}],"replies":[{"embeddable":true,"href":"https:\/\/linitiative.ca\/International\/wp-json\/wp\/v2\/comments?post=31331"}],"version-history":[{"count":0,"href":"https:\/\/linitiative.ca\/International\/wp-json\/wp\/v2\/posts\/31331\/revisions"}],"wp:attachment":[{"href":"https:\/\/linitiative.ca\/International\/wp-json\/wp\/v2\/media?parent=31331"}],"wp:term":[{"taxonomy":"category","embeddable":true,"href":"https:\/\/linitiative.ca\/International\/wp-json\/wp\/v2\/categories?post=31331"},{"taxonomy":"post_tag","embeddable":true,"href":"https:\/\/linitiative.ca\/International\/wp-json\/wp\/v2\/tags?post=31331"}],"curies":[{"name":"wp","href":"https:\/\/api.w.org\/{rel}","templated":true}]}}