{"id":31605,"date":"2019-05-01T16:34:14","date_gmt":"2019-05-01T20:34:14","guid":{"rendered":"https:\/\/linitiative.ca\/International\/tunisie-nabil-karoui-pretend-que-des-policiers-ont-demande-a-son-jardinier-de-lespionner\/"},"modified":"2019-05-01T16:34:14","modified_gmt":"2019-05-01T20:34:14","slug":"tunisie-nabil-karoui-pretend-que-des-policiers-ont-demande-a-son-jardinier-de-lespionner","status":"publish","type":"post","link":"https:\/\/linitiative.ca\/International\/tunisie-nabil-karoui-pretend-que-des-policiers-ont-demande-a-son-jardinier-de-lespionner\/","title":{"rendered":"Tunisie \u2013 Nabil Karoui pr\u00e9tend que des policiers ont demand\u00e9 \u00e0 son jardinier de l\u2019espionner"},"content":{"rendered":"<div class=\"post-cont-in left relative\">\n<p>Nabil Karoui a diffus\u00e9 sur la page de la chaine NessmaTV, une s\u00e9quence vid\u00e9o, montrant un individu pr\u00e9sent\u00e9 comme \u00e9tant le jardinier qui travaille chez lui, et qui a annonc\u00e9 avoir \u00e9t\u00e9 abord\u00e9, puis emmen\u00e9 menott\u00e9 par des policiers qui l\u2019ont\u00a0 longuement interrog\u00e9, agress\u00e9, et lui ont demand\u00e9 de placer dans la villa de Karoui, du mat\u00e9riel d\u2019espionnage.<\/p>\n<div class=\"code-block code-block-1 c4\"><ins class=\"adsbygoogle c3\" data-ad-layout=\"in-article\" data-ad-format=\"fluid\" data-ad-client=\"ca-pub-2102118777505746\" data-ad-slot=\"7301775417\"\/> <\/div>\n<div class=\"mvp-org-wrap mvp-org-logo\" itemprop=\"publisher\" itemscope=\"\" itemtype=\"https:\/\/schema.org\/Organization\"><img decoding=\"async\" src=\"https:\/\/www.tunisienumerique.com\/wp-content\/uploads\/2017\/02\/logo_tunisie_numerique.png\"\/><\/div>\n<div class=\"mvp-related-posts left relative\">\n<h4 class=\"post-header\"><span class=\"post-header\">Lire aussi<\/span><\/h4>\n<\/div>\n<\/div>\n<p>Auteur: LM<br \/>\n<a href=\"https:\/\/www.tunisienumerique.com\/tunisie-nabil-karoui-pretend-que-des-policiers-ont-demande-a-son-jardinier-de-lespionner\/\">Cliquez ici pour lire l&rsquo;article depuis sa source.<\/a><\/p>\n","protected":false},"excerpt":{"rendered":"<p>Nabil Karoui a diffus\u00e9 sur la page de la chaine NessmaTV, une s\u00e9quence vid\u00e9o, montrant un individu pr\u00e9sent\u00e9 comme \u00e9tant le jardinier qui travaille chez lui, et qui a annonc\u00e9 avoir \u00e9t\u00e9 abord\u00e9, puis emmen\u00e9 menott\u00e9 par des policiers qui l\u2019ont\u00a0 longuement interrog\u00e9, agress\u00e9, et lui ont demand\u00e9 de placer dans la villa de Karoui, [&hellip;]<\/p>\n","protected":false},"author":1789,"featured_media":31606,"comment_status":"closed","ping_status":"closed","sticky":false,"template":"","format":"standard","meta":{"fifu_image_url":"","fifu_image_alt":"","footnotes":""},"categories":[73,55],"tags":[],"class_list":["post-31605","post","type-post","status-publish","format-standard","has-post-thumbnail","hentry","category-actualite","category-tunisie"],"_links":{"self":[{"href":"https:\/\/linitiative.ca\/International\/wp-json\/wp\/v2\/posts\/31605","targetHints":{"allow":["GET"]}}],"collection":[{"href":"https:\/\/linitiative.ca\/International\/wp-json\/wp\/v2\/posts"}],"about":[{"href":"https:\/\/linitiative.ca\/International\/wp-json\/wp\/v2\/types\/post"}],"author":[{"embeddable":true,"href":"https:\/\/linitiative.ca\/International\/wp-json\/wp\/v2\/users\/1789"}],"replies":[{"embeddable":true,"href":"https:\/\/linitiative.ca\/International\/wp-json\/wp\/v2\/comments?post=31605"}],"version-history":[{"count":0,"href":"https:\/\/linitiative.ca\/International\/wp-json\/wp\/v2\/posts\/31605\/revisions"}],"wp:featuredmedia":[{"embeddable":true,"href":"https:\/\/linitiative.ca\/International\/wp-json\/"}],"wp:attachment":[{"href":"https:\/\/linitiative.ca\/International\/wp-json\/wp\/v2\/media?parent=31605"}],"wp:term":[{"taxonomy":"category","embeddable":true,"href":"https:\/\/linitiative.ca\/International\/wp-json\/wp\/v2\/categories?post=31605"},{"taxonomy":"post_tag","embeddable":true,"href":"https:\/\/linitiative.ca\/International\/wp-json\/wp\/v2\/tags?post=31605"}],"curies":[{"name":"wp","href":"https:\/\/api.w.org\/{rel}","templated":true}]}}