{"id":31607,"date":"2019-05-01T17:01:45","date_gmt":"2019-05-01T21:01:45","guid":{"rendered":"https:\/\/linitiative.ca\/International\/tunisie-le-frere-de-mohsen-marzouk-demissionne-dal-machrou3\/"},"modified":"2019-05-01T17:01:45","modified_gmt":"2019-05-01T21:01:45","slug":"tunisie-le-frere-de-mohsen-marzouk-demissionne-dal-machrou3","status":"publish","type":"post","link":"https:\/\/linitiative.ca\/International\/tunisie-le-frere-de-mohsen-marzouk-demissionne-dal-machrou3\/","title":{"rendered":"Tunisie \u2013 Le fr\u00e8re de Mohsen Marzouk d\u00e9missionne d\u2019Al Machrou3"},"content":{"rendered":"<div class=\"post-cont-in left relative\">\n<p>Sarhane Marzouk, le fr\u00e8re du pr\u00e9sident du parti Al Mchrou3, Mohsen Marzouk, a annonc\u00e9 via sa page facebook qu\u2019il d\u00e9missionnait du parti.<\/p>\n<p>Il a annonc\u00e9 qu\u2019il n\u2019avait plus rien \u00e0 faire dans un parti qui re\u00e7oit Sofi\u00e8ne Toubal et qui encourage la m\u00e9diocrit\u00e9.<\/p>\n<div class=\"code-block code-block-1 c3\"><ins class=\"adsbygoogle c2\" data-ad-layout=\"in-article\" data-ad-format=\"fluid\" data-ad-client=\"ca-pub-2102118777505746\" data-ad-slot=\"7301775417\"\/> <\/div>\n<p>Sarhane Marzouk assure qu\u2019il se retire du parti, mais pas du service de son pays.<\/p>\n<p><img loading=\"lazy\" decoding=\"async\" class=\"aligncenter size-full wp-image-431941\" src=\"https:\/\/www.tunisienumerique.com\/wp-content\/uploads\/2019\/05\/sarhane2.jpg\" alt=\"\" width=\"640\" height=\"440\" srcset=\"https:\/\/www.tunisienumerique.com\/wp-content\/uploads\/2019\/05\/sarhane2.jpg 640w, https:\/\/www.tunisienumerique.com\/wp-content\/uploads\/2019\/05\/sarhane2-600x413.jpg 600w\" sizes=\"auto, (max-width: 640px) 100vw, 640px\"\/><\/p>\n<div class=\"mvp-org-wrap mvp-org-logo\" itemprop=\"publisher\" itemscope=\"\" itemtype=\"https:\/\/schema.org\/Organization\"><img decoding=\"async\" src=\"https:\/\/www.tunisienumerique.com\/wp-content\/uploads\/2017\/02\/logo_tunisie_numerique.png\"\/><\/div>\n<div class=\"mvp-related-posts left relative\">\n<h4 class=\"post-header\"><span class=\"post-header\">Lire aussi<\/span><\/h4>\n<\/div>\n<\/div>\n<p>Auteur: LM<br \/>\n<a href=\"https:\/\/www.tunisienumerique.com\/tunisie-le-frere-de-mohsen-marzouk-demissionne-dal-machrou3\/\">Cliquez ici pour lire l&rsquo;article depuis sa source.<\/a><\/p>\n","protected":false},"excerpt":{"rendered":"<p>Sarhane Marzouk, le fr\u00e8re du pr\u00e9sident du parti Al Mchrou3, Mohsen Marzouk, a annonc\u00e9 via sa page facebook qu\u2019il d\u00e9missionnait du parti. Il a annonc\u00e9 qu\u2019il n\u2019avait plus rien \u00e0 faire dans un parti qui re\u00e7oit Sofi\u00e8ne Toubal et qui encourage la m\u00e9diocrit\u00e9. Sarhane Marzouk assure qu\u2019il se retire du parti, mais pas du service [&hellip;]<\/p>\n","protected":false},"author":1789,"featured_media":31608,"comment_status":"closed","ping_status":"closed","sticky":false,"template":"","format":"standard","meta":{"fifu_image_url":"","fifu_image_alt":"","footnotes":""},"categories":[73,55],"tags":[],"class_list":["post-31607","post","type-post","status-publish","format-standard","has-post-thumbnail","hentry","category-actualite","category-tunisie"],"_links":{"self":[{"href":"https:\/\/linitiative.ca\/International\/wp-json\/wp\/v2\/posts\/31607","targetHints":{"allow":["GET"]}}],"collection":[{"href":"https:\/\/linitiative.ca\/International\/wp-json\/wp\/v2\/posts"}],"about":[{"href":"https:\/\/linitiative.ca\/International\/wp-json\/wp\/v2\/types\/post"}],"author":[{"embeddable":true,"href":"https:\/\/linitiative.ca\/International\/wp-json\/wp\/v2\/users\/1789"}],"replies":[{"embeddable":true,"href":"https:\/\/linitiative.ca\/International\/wp-json\/wp\/v2\/comments?post=31607"}],"version-history":[{"count":0,"href":"https:\/\/linitiative.ca\/International\/wp-json\/wp\/v2\/posts\/31607\/revisions"}],"wp:featuredmedia":[{"embeddable":true,"href":"https:\/\/linitiative.ca\/International\/wp-json\/"}],"wp:attachment":[{"href":"https:\/\/linitiative.ca\/International\/wp-json\/wp\/v2\/media?parent=31607"}],"wp:term":[{"taxonomy":"category","embeddable":true,"href":"https:\/\/linitiative.ca\/International\/wp-json\/wp\/v2\/categories?post=31607"},{"taxonomy":"post_tag","embeddable":true,"href":"https:\/\/linitiative.ca\/International\/wp-json\/wp\/v2\/tags?post=31607"}],"curies":[{"name":"wp","href":"https:\/\/api.w.org\/{rel}","templated":true}]}}