{"id":31619,"date":"2019-05-01T17:18:03","date_gmt":"2019-05-01T21:18:03","guid":{"rendered":"https:\/\/linitiative.ca\/International\/deces-a-abidjan-de-maurice-seri-gnoleba-ex-president-du-conseil-economique-et-social\/"},"modified":"2019-05-01T17:18:03","modified_gmt":"2019-05-01T21:18:03","slug":"deces-a-abidjan-de-maurice-seri-gnoleba-ex-president-du-conseil-economique-et-social","status":"publish","type":"post","link":"https:\/\/linitiative.ca\/International\/deces-a-abidjan-de-maurice-seri-gnoleba-ex-president-du-conseil-economique-et-social\/","title":{"rendered":"D\u00e9c\u00e8s \u00e0 Abidjan de Maurice S\u00e9ri Gnol\u00e9ba, ex-pr\u00e9sident du Conseil \u00e9conomique et social"},"content":{"rendered":"<div readability=\"32\">\n<p>Publi\u00e9 le 01.05.2019 \u00e0 22h18 par APA News<\/p>\n<\/div>\n<div readability=\"53\">\n<p>L\u2019ex-ministre, Maurice S\u00e9ri Gnol\u00e9ba, ancien pr\u00e9sident du Conseil \u00e9conomique et social est d\u00e9c\u00e9d\u00e9, mercredi, a appris APA de sources proches de sa famille.Selon \u00a0ces sources, l\u2019homme politique ivoirien est d\u00e9c\u00e9d\u00e9 \u00a0\u00ab\u00a0ce mercredi dans \u00a0une polyclinique de Marcory\u00a0\u00bb, \u00a0au Sud d\u2019Abidjan \u00ab\u00a0des suites d\u2019une longue maladie\u00a0\u00bb. Maurice S\u00e9ri Gnol\u00e9ba (84 ans) fut membre de plusieurs gouvernements de F\u00e9lix Houphou\u00ebt-Boigny.\u00a0<\/p>\n<p>Ministre \u00a0d\u2019\u00c9tat, ministre du Commerce, ministre de l\u2019industrie et du Plan avant \u00a0d\u2019occuper le poste Pr\u00e9sident du Conseil \u00e9conomique et social, le d\u00e9funt \u00a0\u00e9tait \u00a0un homme politique de premier plan du Parti d\u00e9mocratique de C\u00f4te \u00a0d\u2019Ivoire (PDCI), alors parti unique.<\/p>\n<p><ins data-revive-zoneid=\"9\" data-revive-id=\"10111e19d28d19d031742ee3b0b33eb0\"\/> <\/p>\n<p>Grand \u00a0sportif, S\u00e9ri Gnol\u00e9ba a \u00e9t\u00e9 le premier pr\u00e9sident de la F\u00e9d\u00e9ration \u00a0ivoirienne d\u2019athl\u00e9tisme \u00a0dont il est le pr\u00e9sident honoraire jusqu\u2019\u00e0 son \u00a0d\u00e9c\u00e8s.<\/p>\n<\/div>\n<p>Auteur: APA News<br \/>\n<a href=\"https:\/\/www.journalducameroun.com\/fr\/deces-a-abidjan-de-maurice-seri-gnoleba-ex-president-du-conseil-economique-et-social\/\">Cliquez ici pour lire l&rsquo;article depuis sa source.<\/a><\/p>\n","protected":false},"excerpt":{"rendered":"<p>Publi\u00e9 le 01.05.2019 \u00e0 22h18 par APA News L\u2019ex-ministre, Maurice S\u00e9ri Gnol\u00e9ba, ancien pr\u00e9sident du Conseil \u00e9conomique et social est d\u00e9c\u00e9d\u00e9, mercredi, a appris APA de sources proches de sa famille.Selon \u00a0ces sources, l\u2019homme politique ivoirien est d\u00e9c\u00e9d\u00e9 \u00a0\u00ab\u00a0ce mercredi dans \u00a0une polyclinique de Marcory\u00a0\u00bb, \u00a0au Sud d\u2019Abidjan \u00ab\u00a0des suites d\u2019une longue maladie\u00a0\u00bb. Maurice S\u00e9ri [&hellip;]<\/p>\n","protected":false},"author":1965,"featured_media":0,"comment_status":"closed","ping_status":"closed","sticky":false,"template":"","format":"standard","meta":{"fifu_image_url":"","fifu_image_alt":"","footnotes":""},"categories":[73,82],"tags":[],"class_list":["post-31619","post","type-post","status-publish","format-standard","hentry","category-actualite","category-cameroun"],"_links":{"self":[{"href":"https:\/\/linitiative.ca\/International\/wp-json\/wp\/v2\/posts\/31619","targetHints":{"allow":["GET"]}}],"collection":[{"href":"https:\/\/linitiative.ca\/International\/wp-json\/wp\/v2\/posts"}],"about":[{"href":"https:\/\/linitiative.ca\/International\/wp-json\/wp\/v2\/types\/post"}],"author":[{"embeddable":true,"href":"https:\/\/linitiative.ca\/International\/wp-json\/wp\/v2\/users\/1965"}],"replies":[{"embeddable":true,"href":"https:\/\/linitiative.ca\/International\/wp-json\/wp\/v2\/comments?post=31619"}],"version-history":[{"count":0,"href":"https:\/\/linitiative.ca\/International\/wp-json\/wp\/v2\/posts\/31619\/revisions"}],"wp:attachment":[{"href":"https:\/\/linitiative.ca\/International\/wp-json\/wp\/v2\/media?parent=31619"}],"wp:term":[{"taxonomy":"category","embeddable":true,"href":"https:\/\/linitiative.ca\/International\/wp-json\/wp\/v2\/categories?post=31619"},{"taxonomy":"post_tag","embeddable":true,"href":"https:\/\/linitiative.ca\/International\/wp-json\/wp\/v2\/tags?post=31619"}],"curies":[{"name":"wp","href":"https:\/\/api.w.org\/{rel}","templated":true}]}}