{"id":31626,"date":"2019-05-02T08:52:21","date_gmt":"2019-05-02T12:52:21","guid":{"rendered":"https:\/\/linitiative.ca\/International\/rencontre-avec-abdelghani-fennane-a-lif-de-fes\/"},"modified":"2019-05-02T08:52:21","modified_gmt":"2019-05-02T12:52:21","slug":"rencontre-avec-abdelghani-fennane-a-lif-de-fes","status":"publish","type":"post","link":"https:\/\/linitiative.ca\/International\/rencontre-avec-abdelghani-fennane-a-lif-de-fes\/","title":{"rendered":"Rencontre avec Abdelghani Fennane  \u00e0 l\u2019IF de F\u00e8s"},"content":{"rendered":"<header>\n<div class=\"entry-post-meta\">\n<div class=\"author-link\">Publi\u00e9 par <a itemprop=\"author\" itemscope=\"\" itemtype=\"https:\/\/schema.org\/Person\" href=\"http:\/\/aujourdhui.ma\/profile\/kaid\" rel=\"author\"><span itemprop=\"name\">ALM<\/span><\/a><\/div>\n<p>Date\u00a0:<time content=\"2019-05-02T13:52:21+00:00\" class=\"entry-date updated\" datetime=\"2019-05-02T13:52:21+00:00\">mai 02, 2019<\/time><\/p>\n<div class=\"entry-cat\">dans:<a href=\"http:\/\/aujourdhui.ma\/category\/culture\" rel=\"category tag\">Culture<\/a><\/div>\n<p>0 Vues<\/p>\n<\/div>\n<\/header>\n<div class=\"entry-content clearfix\" readability=\"58\"><img decoding=\"async\" class=\"post_layout_5_img\" src=\"http:\/\/aujourdhui.ma\/wp-content\/uploads\/2019\/05\/Abdelghani-Fennane.jpg?x29840\" alt=\"Rencontre avec Abdelghani Fennane \u00e0 l\u2019IF de F\u00e8s\"\/><\/p>\n<p class=\"p1\"><span class=\"s1\"><span class=\"c4\"><strong>La M\u00e9diath\u00e8que de l\u2019Institut fran\u00e7ais<span class=\"Apple-converted-space\">\u00a0<\/span> de F\u00e8s abrite une rencontre avec Abdelghani Fennane<span class=\"Apple-converted-space\">\u00a0<\/span> autour de son livre \u00abLa photographie au Maghreb\u00bb, Ed. Aimance Sud, 2018.<\/strong><\/span><\/span> <span id=\"more-310449\"\/><\/p>\n<p class=\"p1\"><span class=\"s1\">Enseignant-chercheur \u00e0 l\u2019Universit\u00e9 Cadi Ayyad de Marrakech, Abdelghani Fennane est aussi po\u00e8te et essayiste. Auteur d\u2019ouvrages dans les domaines de la critique litt\u00e9raire, la critique de la photographie et de la po\u00e9sie. Parmi ses publications : La photographie au Maghreb (sous dir.), Aimance Sud \u00c9ditions, 2018, De la photographie au cin\u00e9ma : Daoud Aoulad-Syad, DK \u00e9ditions, 2016, Po\u00e8mes en seul majeur, Collection Po\u00e8tes des Cinq Continents, L\u2019Harmattan, 2015, La clairi\u00e8re du chant, Imprimerie El Wataniya, 2014, Je ne mourrai pas avant le printemps, Collection Po\u00e8tes des Cinq Continents, L\u2019Harmattan, 2012.<\/span><\/p>\n<\/div>\n<p>Auteur: ALM<br \/>\n<a href=\"http:\/\/aujourdhui.ma\/culture\/rencontre-avec-abdelghani-fennane-a-lif-de-fes\">Cliquez ici pour lire l&rsquo;article depuis sa source.<\/a><\/p>\n","protected":false},"excerpt":{"rendered":"<p>Publi\u00e9 par ALM Date\u00a0:mai 02, 2019 dans:Culture 0 Vues La M\u00e9diath\u00e8que de l\u2019Institut fran\u00e7ais\u00a0 de F\u00e8s abrite une rencontre avec Abdelghani Fennane\u00a0 autour de son livre \u00abLa photographie au Maghreb\u00bb, Ed. Aimance Sud, 2018. Enseignant-chercheur \u00e0 l\u2019Universit\u00e9 Cadi Ayyad de Marrakech, Abdelghani Fennane est aussi po\u00e8te et essayiste. Auteur d\u2019ouvrages dans les domaines de la [&hellip;]<\/p>\n","protected":false},"author":1759,"featured_media":0,"comment_status":"closed","ping_status":"closed","sticky":false,"template":"","format":"standard","meta":{"fifu_image_url":"","fifu_image_alt":"","footnotes":""},"categories":[73,54],"tags":[],"class_list":["post-31626","post","type-post","status-publish","format-standard","hentry","category-actualite","category-maroc"],"_links":{"self":[{"href":"https:\/\/linitiative.ca\/International\/wp-json\/wp\/v2\/posts\/31626","targetHints":{"allow":["GET"]}}],"collection":[{"href":"https:\/\/linitiative.ca\/International\/wp-json\/wp\/v2\/posts"}],"about":[{"href":"https:\/\/linitiative.ca\/International\/wp-json\/wp\/v2\/types\/post"}],"author":[{"embeddable":true,"href":"https:\/\/linitiative.ca\/International\/wp-json\/wp\/v2\/users\/1759"}],"replies":[{"embeddable":true,"href":"https:\/\/linitiative.ca\/International\/wp-json\/wp\/v2\/comments?post=31626"}],"version-history":[{"count":0,"href":"https:\/\/linitiative.ca\/International\/wp-json\/wp\/v2\/posts\/31626\/revisions"}],"wp:attachment":[{"href":"https:\/\/linitiative.ca\/International\/wp-json\/wp\/v2\/media?parent=31626"}],"wp:term":[{"taxonomy":"category","embeddable":true,"href":"https:\/\/linitiative.ca\/International\/wp-json\/wp\/v2\/categories?post=31626"},{"taxonomy":"post_tag","embeddable":true,"href":"https:\/\/linitiative.ca\/International\/wp-json\/wp\/v2\/tags?post=31626"}],"curies":[{"name":"wp","href":"https:\/\/api.w.org\/{rel}","templated":true}]}}