{"id":31634,"date":"2019-05-02T06:06:50","date_gmt":"2019-05-02T10:06:50","guid":{"rendered":"https:\/\/linitiative.ca\/International\/le-clown-le-politique-et-le-numerique\/"},"modified":"2019-05-02T06:06:50","modified_gmt":"2019-05-02T10:06:50","slug":"le-clown-le-politique-et-le-numerique","status":"publish","type":"post","link":"https:\/\/linitiative.ca\/International\/le-clown-le-politique-et-le-numerique\/","title":{"rendered":"Le clown, le politique et le num\u00e9rique"},"content":{"rendered":"<p class=\"c4\"><strong><span class=\"c3\"><img loading=\"lazy\" decoding=\"async\" class=\" wp-image-61298 alignright\" src=\"http:\/\/albayane.press.ma\/wp-content\/uploads\/Jamal-eddine-Naji-200x130.jpg\" alt=\"\" width=\"206\" height=\"134\"\/>\u00ab<span class=\"c2\">B<\/span>ient\u00f4t un humoriste \u00e0 l\u2019\u00c9lys\u00e9e ?\u00bb titrait une cha\u00eene TV d\u2019info fran\u00e7aise, au lendemain de l\u2019\u00e9lection, le 21 avril dernier, de l\u2019humoriste et com\u00e9dien de s\u00e9ries TV, Volodymyr Zelensky, \u00e0 la Pr\u00e9sidence de la R\u00e9publique d\u2019Ukraine.<\/span><\/strong><\/p>\n<p class=\"c4\">Ce quadrag\u00e9naire amuseur public est un \u00abpr\u00e9destin\u00e9 cathodique\u00bb \u00e0 la charge supr\u00eame de l\u2019\u00c9tat puisqu\u2019il \u00e9tait, la veille de ces \u00e9lections, le h\u00e9ros d\u2019une simple fiction TV (\u00abServiteur du peuple\u00bb) dans laquelle il campait le r\u00f4le d\u2019un jeune professeur qui devient, justement, pr\u00e9sident de la r\u00e9publique !Il \u00e9tonna le monde entier en raflant, devant trente-huit autres candidats, plus de 73% des 20 millions des suffrages exprim\u00e9s par un corps \u00e9lectoral de 35 millions d\u2019\u00e9lecteurs, sur une population de 44 millions (autant que la population d\u2019Alg\u00e9rie ou du Soudan, sur une superficie \u00e9gale \u00e0 celle de la France, entre la Pologne \u00e0 l\u2019Ouest et la Russie \u00e0 l\u2019Est). Le com\u00e9dien, rendu c\u00e9l\u00e8bre par ses num\u00e9ros d\u2019humoriste et de clown, dirigera donc, \u00e0 partir de fin mai, un pays hautement strat\u00e9gique dans la g\u00e9opolitique mondiale, hier comme aujourd\u2019hui (du temps de la r\u00e9volution bolch\u00e9vique de L\u00e9nine comme \u2013 de nos jours \u2013 dans le dangereux bras de fer permanent entre la Russie de Poutine et le monde occidental, USA en t\u00eate) !<\/p>\n<p class=\"c4\">Le titre racoleur\/provocateur de la cha\u00eene d\u2019info fran\u00e7aise, qui n\u2019\u00e9tonne gu\u00e8re en ces temps \u00abglorieux\u00bb pour un journalisme sensationnaliste du \u00ab\u00a0buzz\u00a0\u00bb et des \u00abfake news\u00bb, trahit en fait une sourde et quasi-g\u00e9n\u00e9rale inqui\u00e9tude de tous les observateurs \u00e0 travers le monde, m\u00e9dias compris. Puisque on assiste, \u00e0 chaque fois en l\u2019esp\u00e8ce, \u00e0 une alchimie \u00e0 trois composantes ou acteurs, impensable \u00e0 ce jour pour les sciences politiques dans l\u2019explicationde l\u2019\u00e9mergence ou de la mutation des \u00c9tats et des r\u00e9gimes: la fiction ou le spectacle, le politique et la communication num\u00e9rique avec tous ses avatars, r\u00e9seaux sociaux surtout.<\/p>\n<p class=\"c4\"><img loading=\"lazy\" decoding=\"async\" class=\" wp-image-78380 alignright\" src=\"http:\/\/albayane.press.ma\/wp-content\/uploads\/Sans-titre-72-230x130.jpg\" alt=\"\" width=\"221\" height=\"125\"\/> Les \u00c9tats et leurs destin\u00e9es tombent de plus en plus dans les mains d\u2019amuseurs publics, de cabotins, de tristes et path\u00e9tiques clowns\u2026Donald Trump (ex- animateur de l\u2019\u00e9mission de t\u00e9l\u00e9r\u00e9alit\u00e9 \u00abThe Celebrity Apprentice\u00bb de 2008 jusqu\u2019\u00e0 son limogeage en 2016 par la cha\u00eene NBC) n\u2019est pas si diff\u00e9rent de profil de l\u2019Ukrainien Zelensky. Ni d\u2019ailleurs de l\u2019italien Bepe Grillo (ex animateur d\u2019\u00e9missions de vari\u00e9t\u00e9s, \u00abLuna Park\u00bb ou \u00abFantastico\u00bb), fondateur du mouvement politique populiste \u00ab\u00a0Cinq \u00e9toiles\u00a0\u00bb \u00e0 la t\u00eate duquel lui a succ\u00e9d\u00e9 en 2017 Luigi Di Maio, l\u2019actuel vice-Premier Ministre de la R\u00e9publique Italienne.Bepe Grillo qui partagea d\u2019ailleurs une affiche de film avec le clown Coluche (\u00abLe fou de guerre\u00bb, en 1985) lequel, comme on le sait, fit le trublion dans les \u00e9lections pr\u00e9sidentielles fran\u00e7aises en 1981 en y pr\u00e9tendant par une candidature de quelques mois, face \u00e0 Fran\u00e7ois Mitterrand et \u00e0 Val\u00e9ry Giscard D\u2019Estaing, avec des sondages qui le cr\u00e9ditaient, \u00e0 l\u2019\u00e9poque, de 16% d\u2019intentions de vote!<\/p>\n<p class=\"c4\">Mais force est de relever que bien avant que les r\u00eanes de l\u2019\u00c9tat contemporain ne tombent entre les mains de ce type d\u2019amuseurs publics et cathodiques, on avait assist\u00e9, sur les vingt ou trente derni\u00e8res ann\u00e9es, \u00e0 l\u2019intrusion ou resquille de ce type de personnages, sortis des fictions ou des coulisses des cirques, dans l\u2019ar\u00e8ne ou agora du Politique, souvent dans une hostilit\u00e9 ouverte contre de nobles causes (Droits de la personne, \u00e9cologie, diversit\u00e9 culturelle, paix, etc.). Alors, faut-il consid\u00e9rer, en cons\u00e9quence, que cette intrusion \u00e0 la t\u00eate du pouvoir politique des \u00c9tats s\u2019annon\u00e7ait d\u00e9j\u00e0 avec l\u2019arriv\u00e9e de l\u2019acteur de \u00abs\u00e9ries B\u00bb, Ronald Reagan, \u00e0 la t\u00eate de la Maison Blanche en 1980 (pour deux mandats successifs), apr\u00e8s avoir dirig\u00e9, pendant plus de vingt ans, le grand \u00c9tat de Californie (1<sup>er<\/sup> \u00c9tat des USA en termes de PIB, avec 40 millions d\u2019habitants) ? Si Arnold Schwarzenegger, autrichien d\u2019origine, \u00e9tait n\u00e9 aux USA (comme l\u2019exige la constitution am\u00e9ricaine), n\u2019aurait-il pas fini par occuper le Bureau Ovale \u00e0 la suite de Reagan auquel il avait succ\u00e9d\u00e9 comme gouverneur de l\u2019\u00c9tat de Californie ? On aurait eu \u00e0 vivre alors un r\u00e8gne de \u00abTerminator\u00bb et de \u00abConan le Barbare\u00bb aux USA et dans le reste du monde, \u00e9tant donn\u00e9 la puissance de ce pays ! Le comble de la mutation de la fiction en r\u00e9alit\u00e9!<\/p>\n<p class=\"c4\"><strong>Ailleurs\u2026mais chez nous aussi<\/strong><\/p>\n<p class=\"c4\">USA, Ukraine, Italie nous ont \u00e9tonn\u00e9 par des figures de proue de cette d\u00e9ferlante des amuseurs publics sur la sc\u00e8ne politique et au sommet des \u00c9tats. Dans leur sillage, le populisme mystificateur et illusionniste, violeur des valeurs humaines et des droits fondamentaux de l\u2019individu, des minorit\u00e9s, de la diversit\u00e9, de la dignit\u00e9 humaine et de la paix, se reproduit partout\u2026 Aux Philippines, avec le Rodrigo Duarto qui d\u00e9clarait durant sa campagne pr\u00e9sidentielle gagn\u00e9e en 2016 <strong>:<\/strong> \u00abOubliez les Droits de l\u2019Homme, avec moi \u00e7a va saigner\u00bb! En Hongrie, en Bulgarie, en Pologne, en Autriche o\u00f9 le Chancelier Sebastien Kurz distribua, lors de sa campagne, des pr\u00e9servatifs aux couleurs de son parti pour en vanter, disait-il le \u00abc\u00f4t\u00e9 excitant\u00bb !\u00a0 Alors que Jair Bolsanaro, \u00e9lu en janvier par 58 millions de voix \u00e0 la t\u00eate de la F\u00e9d\u00e9ration du Br\u00e9sil, multiplie les d\u00e9clarations outranci\u00e8res et indignes contre les noirs, les femmes et les indiens dont il commence \u00e0 confisquer les territoires ancestraux en Amazonie (poumon de la terre) au profit des grands groupes miniers, am\u00e9ricains en priorit\u00e9.<\/p>\n<p class=\"c4\">Cette offensive du factice et du burlesque assassin, et non ravageur au sens artistique, a enfourch\u00e9 le cheval de Troie post-moderne\u00a0: la communication num\u00e9rique, avec ses outils, vecteurs, supports et espaces de r\u00e9seaux dits \u00absociaux\u00bb. Cette communication \u00ab5.0\u00bb (version binaire de la \u00ab5<sup>\u00e8me<\/sup> colonne\u00bb crainte nagu\u00e8re par les \u00c9tats et les r\u00e9gimes) a-t-elle enterr\u00e9 d\u00e9finitivement la communication d\u2019hier, celle des journaux porte-voix des politiques et de leurs programmes, celle des tribunes radiophoniques ou t\u00e9l\u00e9visuelles cadr\u00e9es et r\u00e9gul\u00e9es pour animer les campagnes politiques et \u00e9lectorales ? L\u2019Ukrainien Zelensky n\u2019a communiqu\u00e9, exclusivement, que sur les r\u00e9seaux sociaux. Au point qu\u2019une vingtaine de m\u00e9dias et de syndicats de journalistes ont d\u00fb publier une lettre ouverte, \u00e0 son adresse, pour lui demander ( le supplier, en fait) de s\u2019exprimer aupr\u00e8s d\u2019eux, sur leurs colonnes et sur leurs plateaux, \u00abdans un souci d\u00e9mocratique\u00bb avan\u00e7aient-ils! Le com\u00e9dien Zelensky (c\u00e9l\u00e8bre \u00abServiteur du peuple\u00bb) conc\u00e9da finalement de diffuser chez les m\u00e9dias dits traditionnels quelques bribes de son programme bien choisis comme la l\u00e9galisation de la prostitution, du cannabis th\u00e9rapeutique et des jeux du hasard\u2026<\/p>\n<p class=\"c4\">Le monde politique et ses \u00e9volutions, plus ou moins brutales (comme en ont t\u00e9moign\u00e9 les cas tunisien, libyen, \u00e9gyptien, y\u00e9m\u00e9nite et, actuellement, l\u2019Alg\u00e9rie et le Soudan) d\u00e9couvre, dans son Monopoly que la case \u00abM\u00e9dias\u00bb est d\u00e9sormais vide, quand elle n\u2019est pas la case de la mort. L\u2019\u00e9nergie, la vie, la r\u00e9surgence, la r\u00e9forme et la mutation de survie et du progr\u00e8s sont \u00e0 chercher dans une autre case, une nouvelle \u00e0 atteindre et \u00e0 occuper massivement\u00a0: celle de la communication num\u00e9rique. Telle est la r\u00e9alit\u00e9 pour les \u00c9tats d\u2019aujourd\u2019hui. Leur destin est d\u00e9sormais quasi-organiquement d\u00e9pendant de cette case. Y assisterions-nous, au Maroc, aux prochaines \u00e9ch\u00e9ances, notamment \u00e9lectorales ? Comment pourrions-nous l\u2019\u00e9viter et le faut-il, sachant que le populisme \u00e9lectoraliste et mystificateur des valeurs, des cr\u00e9dos et des causes, s\u00e9vit parmi nous depuis des ann\u00e9es d\u00e9j\u00e0 et il est de plus en plus f\u00e9ru de num\u00e9rique ?<\/p>\n<p class=\"c5\"><strong>Jamal Eddine Naji<\/strong><\/p>\n<p>Auteur: rahal mehamed<br \/>\n<a href=\"http:\/\/albayane.press.ma\/le-clown-le-politique-et-le-numerique.html\">Cliquez ici pour lire l&rsquo;article depuis sa source.<\/a><\/p>\n","protected":false},"excerpt":{"rendered":"<p>\u00abBient\u00f4t un humoriste \u00e0 l\u2019\u00c9lys\u00e9e ?\u00bb titrait une cha\u00eene TV d\u2019info fran\u00e7aise, au lendemain de l\u2019\u00e9lection, le 21 avril dernier, de l\u2019humoriste et com\u00e9dien de s\u00e9ries TV, Volodymyr Zelensky, \u00e0 la Pr\u00e9sidence de la R\u00e9publique d\u2019Ukraine. Ce quadrag\u00e9naire amuseur public est un \u00abpr\u00e9destin\u00e9 cathodique\u00bb \u00e0 la charge supr\u00eame de l\u2019\u00c9tat puisqu\u2019il \u00e9tait, la veille de [&hellip;]<\/p>\n","protected":false},"author":1760,"featured_media":31635,"comment_status":"closed","ping_status":"closed","sticky":false,"template":"","format":"standard","meta":{"fifu_image_url":"","fifu_image_alt":"","footnotes":""},"categories":[73,54],"tags":[],"class_list":["post-31634","post","type-post","status-publish","format-standard","has-post-thumbnail","hentry","category-actualite","category-maroc"],"_links":{"self":[{"href":"https:\/\/linitiative.ca\/International\/wp-json\/wp\/v2\/posts\/31634","targetHints":{"allow":["GET"]}}],"collection":[{"href":"https:\/\/linitiative.ca\/International\/wp-json\/wp\/v2\/posts"}],"about":[{"href":"https:\/\/linitiative.ca\/International\/wp-json\/wp\/v2\/types\/post"}],"author":[{"embeddable":true,"href":"https:\/\/linitiative.ca\/International\/wp-json\/wp\/v2\/users\/1760"}],"replies":[{"embeddable":true,"href":"https:\/\/linitiative.ca\/International\/wp-json\/wp\/v2\/comments?post=31634"}],"version-history":[{"count":0,"href":"https:\/\/linitiative.ca\/International\/wp-json\/wp\/v2\/posts\/31634\/revisions"}],"wp:featuredmedia":[{"embeddable":true,"href":"https:\/\/linitiative.ca\/International\/wp-json\/"}],"wp:attachment":[{"href":"https:\/\/linitiative.ca\/International\/wp-json\/wp\/v2\/media?parent=31634"}],"wp:term":[{"taxonomy":"category","embeddable":true,"href":"https:\/\/linitiative.ca\/International\/wp-json\/wp\/v2\/categories?post=31634"},{"taxonomy":"post_tag","embeddable":true,"href":"https:\/\/linitiative.ca\/International\/wp-json\/wp\/v2\/tags?post=31634"}],"curies":[{"name":"wp","href":"https:\/\/api.w.org\/{rel}","templated":true}]}}