{"id":31641,"date":"2019-05-02T05:42:23","date_gmt":"2019-05-02T09:42:23","guid":{"rendered":"https:\/\/linitiative.ca\/International\/royaume-uni-julian-assange-condamne-a-pres-dun-an-de-prison-par-la-justice-britannique\/"},"modified":"2019-05-02T05:42:23","modified_gmt":"2019-05-02T09:42:23","slug":"royaume-uni-julian-assange-condamne-a-pres-dun-an-de-prison-par-la-justice-britannique","status":"publish","type":"post","link":"https:\/\/linitiative.ca\/International\/royaume-uni-julian-assange-condamne-a-pres-dun-an-de-prison-par-la-justice-britannique\/","title":{"rendered":"ROYAUME-UNI Julian Assange condamn\u00e9 \u00e0 pr\u00e8s d\u2019un an de prison par la justice britannique"},"content":{"rendered":"<p>Source EURONEWS<\/p>\n<p>Julian Assange, le co-fondateur de WikiLeaks, a \u00e9t\u00e9 condamn\u00e9 ce mercredi \u00e0 50 semaines de prison pour violation de ses conditions de libert\u00e9 provisoire par le tribunal londonien de Southwark.<\/p>\n<p>L\u2019Australien de 47 est arriv\u00e9 ce matin dans un fourgon de police le poing lev\u00e9, la barbe ras\u00e9e, sous les cris de \u00ab <em>Honte au Royaume-Uni<\/em> \u00bb ou \u00ab <em>Honte \u00e0 l\u2019Equateur qui a vendu Assange pour de l\u2019argent<\/em> \u00bb lanc\u00e9s par ses soutiens.<\/p>\n<p>Apr\u00e8s sa condamnation, une vingtaine de ses partisans, pr\u00e9sents dans la salle d\u2019audience, ont cri\u00e9 \u00ab <em>Honte \u00e0 vous<\/em> \u00bb aux juges. \u00ab <em>Lib\u00e9rez Assange<\/em>\u00ab , scandaient d\u2019autres partisans \u00e0 l\u2019ext\u00e9rieur de la salle.<\/p>\n<p>Il a toujours affirm\u00e9 s\u2019\u00eatre soustrait \u00e0 la justice britannique de peur non pas d\u2019\u00eatre extrad\u00e9 vers la Su\u00e8de mais de finir aux Etats-Unis, qui l\u2019accusent de \u00ab <em>piratage informatique<\/em>\u00ab . Et mercredi, son avocat Mark Summers a d\u00e9clar\u00e9 devant le tribunal qu\u2019il avait agi par \u00ab <em>peur<\/em> \u00bb d\u2019\u00eatre extrad\u00e9 vers les Etats-Unis, r\u00e9clamant des circonstances att\u00e9nuantes pour son client \u00e0 la situation \u00ab <em>diff\u00e9rente et inhabituelle<\/em>\u00ab .<\/p>\n<p>\u00ab <em>Je m\u2019excuse sans r\u00e9serve aupr\u00e8s de ceux qui estiment que je leur ai manqu\u00e9 de respect<\/em>\u00ab , a d\u00e9clar\u00e9 Julian Assange dans une lettre lue au tribunal par l\u2019avocat avant le verdict, expliquant \u00ab <em>regretter<\/em> \u00bb la tournure qu\u2019ont pris les \u00e9v\u00e9nements. \u00ab <em>J\u2019ai fait ce que je pensais \u00eatre le mieux \u00e0 l\u2019\u00e9poque, et peut-\u00eatre l\u2019unique chose \u00e0 faire<\/em>\u00ab .<\/p>\n<p>Mais pour la juge Deborah Taylor, en se \u00ab _cachant d\u00e9lib\u00e9r\u00e9ment dans l\u2019ambassad_e \u00bb d\u2019Equateur, Assange a \u00ab <em>exploit\u00e9 (sa) position privil\u00e9gi\u00e9e pour faire fi de la loi<\/em>\u00ab .<\/p>\n<p>La demande d\u2019extradition am\u00e9ricaine doit \u00eatre examin\u00e9e jeudi par le tribunal de Westminster.<\/p>\n<p>Quelques minutes apr\u00e8s l\u2019officialisation du verdict, WikiLeaks a r\u00e9agi sur Twitter en d\u00e9non\u00e7ant une justice partiale<a href=\"mailto:?body=https:\/\/fr.euronews.com\/2019\/05\/01\/julian-assange-condamne-a-pres-d-un-an-de-prison-par-la-justice-britannique\"\/><\/p>\n<p>Julian Assange, le co-fondateur de WikiLeaks, a \u00e9t\u00e9 condamn\u00e9 ce mercredi \u00e0 50 semaines de prison pour violation de ses conditions de libert\u00e9 provisoire par le tribunal londonien de Southwark.<\/p>\n<p>L\u2019Australien de 47 est arriv\u00e9 ce matin dans un fourgon de police le poing lev\u00e9, la barbe ras\u00e9e, sous les cris de \u00ab <em>Honte au Royaume-Uni<\/em> \u00bb ou \u00ab <em>Honte \u00e0 l\u2019Equateur qui a vendu Assange pour de l\u2019argent<\/em> \u00bb lanc\u00e9s par ses soutiens.<\/p>\n<p>Apr\u00e8s sa condamnation, une vingtaine de ses partisans, pr\u00e9sents dans la salle d\u2019audience, ont cri\u00e9 \u00ab <em>Honte \u00e0 vous<\/em> \u00bb aux juges. \u00ab <em>Lib\u00e9rez Assange<\/em>\u00ab , scandaient d\u2019autres partisans \u00e0 l\u2019ext\u00e9rieur de la salle.<\/p>\n<p>Il a toujours affirm\u00e9 s\u2019\u00eatre soustrait \u00e0 la justice britannique de peur non pas d\u2019\u00eatre extrad\u00e9 vers la Su\u00e8de mais de finir aux Etats-Unis, qui l\u2019accusent de \u00ab <em>piratage informatique<\/em>\u00ab . Et mercredi, son avocat Mark Summers a d\u00e9clar\u00e9 devant le tribunal qu\u2019il avait agi par \u00ab <em>peur<\/em> \u00bb d\u2019\u00eatre extrad\u00e9 vers les Etats-Unis, r\u00e9clamant des circonstances att\u00e9nuantes pour son client \u00e0 la situation \u00ab <em>diff\u00e9rente et inhabituelle<\/em>\u00ab .<\/p>\n<p>\u00ab <em>Je m\u2019excuse sans r\u00e9serve aupr\u00e8s de ceux qui estiment que je leur ai manqu\u00e9 de respect<\/em>\u00ab , a d\u00e9clar\u00e9 Julian Assange dans une lettre lue au tribunal par l\u2019avocat avant le verdict, expliquant \u00ab <em>regretter<\/em> \u00bb la tournure qu\u2019ont pris les \u00e9v\u00e9nements. \u00ab <em>J\u2019ai fait ce que je pensais \u00eatre le mieux \u00e0 l\u2019\u00e9poque, et peut-\u00eatre l\u2019unique chose \u00e0 faire<\/em>\u00ab .<\/p>\n<p>Mais pour la juge Deborah Taylor, en se \u00ab _cachant d\u00e9lib\u00e9r\u00e9ment dans l\u2019ambassad_e \u00bb d\u2019Equateur, Assange a \u00ab <em>exploit\u00e9 (sa) position privil\u00e9gi\u00e9e pour faire fi de la loi<\/em>\u00ab .<\/p>\n<p>La demande d\u2019extradition am\u00e9ricaine doit \u00eatre examin\u00e9e jeudi par le tribunal de Westminster.<\/p>\n<p>Quelques minutes apr\u00e8s l\u2019officialisation du verdict, WikiLeaks a r\u00e9agi sur Twitter en d\u00e9non\u00e7ant une justice partiale.<\/p>\n<p>\u00ab <em>La condamnation de Julian Assange est aussi choquante que rancuni\u00e8re. Nous avons de s\u00e9rieuses pr\u00e9occupations quant \u00e0 savoir si l\u2019audience d\u2019extradition sera \u00e9quitable<\/em> \u00bb a ainsi indiqu\u00e9 WikiLeaks sur son compte officiel.<\/p>\n<p>Apr\u00e8s sept ans pass\u00e9s entre les quatre murs de l\u2019ambassade \u00e9quatorienne, Assange en a \u00e9t\u00e9 d\u00e9log\u00e9 par la police britannique le 11 avril, avec l\u2019autorisation de Quito. Apparaissant vieilli et affaibli, avec une longue barbe hirsute et blanche, il avait comparu dans la foul\u00e9e devant le tribunal de Westminster qui l\u2019avait d\u00e9clar\u00e9 coupable de violation de sa libert\u00e9 provisoire et requis la peine maximale dans ce dossier, soit un an de prison, avant de le placer en d\u00e9tention dans la prison de Belmarsh, dans le sud-est de Londres.<\/p>\n<p>En 2012, l\u2019Australien de 47 ans, qui faisait l\u2019objet de poursuites pour viol \u2013 depuis class\u00e9es \u2013 s\u2019\u00e9tait r\u00e9fugi\u00e9 dans l\u2019ambassade d\u2019Equateur \u00e0 Londres pour \u00e9viter de se pr\u00e9senter \u00e0 la justice britannique et d\u2019\u00eatre extrad\u00e9 vers la Su\u00e8de.<\/p>\n<p class=\"dpsp-share-text\">Partager c&rsquo;est aimer!<\/p>\n<div class=\"wp-post-author-wrap wp-post-author-shortcode left\">\n<h3 class=\"awpa-title\"\/>\n<div class=\"wp-post-author\">\n<div class=\"awpa-img awpa-author-block square\"><a href=\"http:\/\/lexpertjournal.net\/fr\/author\/expert\/\"><img loading=\"lazy\" decoding=\"async\" alt=\"\" src=\"http:\/\/2.gravatar.com\/avatar\/56d99be2a6f97af88ccb49fada637fcd?s=150&#038;d=mm&#038;r=g\" srcset=\"http:\/\/2.gravatar.com\/avatar\/56d99be2a6f97af88ccb49fada637fcd?s=300&#038;d=mm&#038;r=g 2x\" class=\"avatar avatar-150 photo\" height=\"150\" width=\"150\"\/><\/a><\/div>\n<\/div>\n<\/div>\n<p>Auteur: L&rsquo;expert<br \/>\n<a href=\"http:\/\/lexpertjournal.net\/fr\/2019\/05\/02\/royaume-uni-julian-assange-condamne-a-pres-dun-an-de-prison-par-la-justice-britannique\/\">Cliquez ici pour lire l&rsquo;article depuis sa source.<\/a><\/p>\n","protected":false},"excerpt":{"rendered":"<p>Source EURONEWS Julian Assange, le co-fondateur de WikiLeaks, a \u00e9t\u00e9 condamn\u00e9 ce mercredi \u00e0 50 semaines de prison pour violation de ses conditions de libert\u00e9 provisoire par le tribunal londonien de Southwark. L\u2019Australien de 47 est arriv\u00e9 ce matin dans un fourgon de police le poing lev\u00e9, la barbe ras\u00e9e, sous les cris de \u00ab [&hellip;]<\/p>\n","protected":false},"author":1775,"featured_media":0,"comment_status":"closed","ping_status":"closed","sticky":false,"template":"","format":"standard","meta":{"fifu_image_url":"","fifu_image_alt":"","footnotes":""},"categories":[78,55],"tags":[],"class_list":["post-31641","post","type-post","status-publish","format-standard","hentry","category-economie","category-tunisie"],"_links":{"self":[{"href":"https:\/\/linitiative.ca\/International\/wp-json\/wp\/v2\/posts\/31641","targetHints":{"allow":["GET"]}}],"collection":[{"href":"https:\/\/linitiative.ca\/International\/wp-json\/wp\/v2\/posts"}],"about":[{"href":"https:\/\/linitiative.ca\/International\/wp-json\/wp\/v2\/types\/post"}],"author":[{"embeddable":true,"href":"https:\/\/linitiative.ca\/International\/wp-json\/wp\/v2\/users\/1775"}],"replies":[{"embeddable":true,"href":"https:\/\/linitiative.ca\/International\/wp-json\/wp\/v2\/comments?post=31641"}],"version-history":[{"count":0,"href":"https:\/\/linitiative.ca\/International\/wp-json\/wp\/v2\/posts\/31641\/revisions"}],"wp:attachment":[{"href":"https:\/\/linitiative.ca\/International\/wp-json\/wp\/v2\/media?parent=31641"}],"wp:term":[{"taxonomy":"category","embeddable":true,"href":"https:\/\/linitiative.ca\/International\/wp-json\/wp\/v2\/categories?post=31641"},{"taxonomy":"post_tag","embeddable":true,"href":"https:\/\/linitiative.ca\/International\/wp-json\/wp\/v2\/tags?post=31641"}],"curies":[{"name":"wp","href":"https:\/\/api.w.org\/{rel}","templated":true}]}}