{"id":31656,"date":"2019-05-02T05:00:00","date_gmt":"2019-05-02T09:00:00","guid":{"rendered":"https:\/\/linitiative.ca\/International\/theresa-may-limoge-son-ministre-de-la-defense\/"},"modified":"2019-05-02T05:00:00","modified_gmt":"2019-05-02T09:00:00","slug":"theresa-may-limoge-son-ministre-de-la-defense","status":"publish","type":"post","link":"https:\/\/linitiative.ca\/International\/theresa-may-limoge-son-ministre-de-la-defense\/","title":{"rendered":"Theresa May limoge son ministre de la D\u00e9fense"},"content":{"rendered":"<div id=\"originalText\" readability=\"41\">\n<p class=\"c10\">La Premi\u00e8re ministre Theresa May a limog\u00e9 son ministre de la D\u00e9fense, en raison de son implication dans les fuites concernant la d\u00e9cision britannique d&rsquo;autoriser une participation de l&rsquo;\u00e9quipementier chinois Huawei au r\u00e9seau 5G, a annonc\u00e9 Downing Street hier, pr\u00e9cisant que la cheffe du gouvernement avait \u00e9t\u00e9 \u201cinform\u00e9e de (la) conduite\u201d du ministre \u00e0 l&rsquo;issue d&rsquo;une enqu\u00eate. Gavin Williamson, 42 ans, avait \u00e9t\u00e9 nomm\u00e9 en novembre 2017 \u00e0 la D\u00e9fense, rempla\u00e7ant \u00e0 ce poste Michael Fallon.\u00a0<br \/>\u00a0<\/p>\n<p class=\"c11\"><strong>APS<\/strong><\/p>\n<\/div>\n<div id=\"text_core\" readability=\"41\">\n<p class=\"c10\">La Premi\u00e8re ministre Theresa May a limog\u00e9 son ministre de la D\u00e9fense, en raison de son implication dans les fuites concernant la d\u00e9cision britannique d&rsquo;autoriser une participation de l&rsquo;\u00e9quipementier chinois Huawei au r\u00e9seau 5G, a annonc\u00e9 Downing Street hier, pr\u00e9cisant que la cheffe du gouvernement avait \u00e9t\u00e9 \u201cinform\u00e9e de (la) conduite\u201d du ministre \u00e0 l&rsquo;issue d&rsquo;une enqu\u00eate. Gavin Williamson, 42 ans, avait \u00e9t\u00e9 nomm\u00e9 en novembre 2017 \u00e0 la D\u00e9fense, rempla\u00e7ant \u00e0 ce poste Michael Fallon.\u00a0<br \/>\u00a0<\/p>\n<p class=\"c11\"><strong>APS<\/strong><\/p>\n<\/div>\n<p>Auteur:<br \/>\n<a href=\"https:\/\/www.liberte-algerie.com\/actualite\/theresa-may-limoge-son-ministre-de-la-defense-314985\">Cliquez ici pour lire l&rsquo;article depuis sa source.<\/a><\/p>\n","protected":false},"excerpt":{"rendered":"<p>La Premi\u00e8re ministre Theresa May a limog\u00e9 son ministre de la D\u00e9fense, en raison de son implication dans les fuites concernant la d\u00e9cision britannique d&rsquo;autoriser une participation de l&rsquo;\u00e9quipementier chinois Huawei au r\u00e9seau 5G, a annonc\u00e9 Downing Street hier, pr\u00e9cisant que la cheffe du gouvernement avait \u00e9t\u00e9 \u201cinform\u00e9e de (la) conduite\u201d du ministre \u00e0 l&rsquo;issue [&hellip;]<\/p>\n","protected":false},"author":1742,"featured_media":0,"comment_status":"closed","ping_status":"closed","sticky":false,"template":"","format":"standard","meta":{"fifu_image_url":"","fifu_image_alt":"","footnotes":""},"categories":[73,53],"tags":[],"class_list":["post-31656","post","type-post","status-publish","format-standard","hentry","category-actualite","category-algerie"],"_links":{"self":[{"href":"https:\/\/linitiative.ca\/International\/wp-json\/wp\/v2\/posts\/31656","targetHints":{"allow":["GET"]}}],"collection":[{"href":"https:\/\/linitiative.ca\/International\/wp-json\/wp\/v2\/posts"}],"about":[{"href":"https:\/\/linitiative.ca\/International\/wp-json\/wp\/v2\/types\/post"}],"author":[{"embeddable":true,"href":"https:\/\/linitiative.ca\/International\/wp-json\/wp\/v2\/users\/1742"}],"replies":[{"embeddable":true,"href":"https:\/\/linitiative.ca\/International\/wp-json\/wp\/v2\/comments?post=31656"}],"version-history":[{"count":0,"href":"https:\/\/linitiative.ca\/International\/wp-json\/wp\/v2\/posts\/31656\/revisions"}],"wp:attachment":[{"href":"https:\/\/linitiative.ca\/International\/wp-json\/wp\/v2\/media?parent=31656"}],"wp:term":[{"taxonomy":"category","embeddable":true,"href":"https:\/\/linitiative.ca\/International\/wp-json\/wp\/v2\/categories?post=31656"},{"taxonomy":"post_tag","embeddable":true,"href":"https:\/\/linitiative.ca\/International\/wp-json\/wp\/v2\/tags?post=31656"}],"curies":[{"name":"wp","href":"https:\/\/api.w.org\/{rel}","templated":true}]}}