{"id":31657,"date":"2019-05-02T05:00:00","date_gmt":"2019-05-02T09:00:00","guid":{"rendered":"https:\/\/linitiative.ca\/International\/nouvelle-marche-de-soutien-a-issad-rebrab\/"},"modified":"2019-05-02T05:00:00","modified_gmt":"2019-05-02T09:00:00","slug":"nouvelle-marche-de-soutien-a-issad-rebrab","status":"publish","type":"post","link":"https:\/\/linitiative.ca\/International\/nouvelle-marche-de-soutien-a-issad-rebrab\/","title":{"rendered":"Nouvelle marche de soutien \u00e0 Issad Rebrab"},"content":{"rendered":"<div id=\"originalText\" readability=\"76\">\n<p class=\"c10\">Une forte mobilisation citoyenne est attendue, ce matin dans la ville de B\u00e9ja\u00efa, en r\u00e9ponse \u00e0 l\u2019appel \u00e0 une marche pacifique, lanc\u00e9 le 29 avril dernier par la Coordination nationale des comit\u00e9s de soutien aux travailleurs de Cevital et aux investissements \u00e9conomiques. Une manifestation de rue qui aura pour mot d\u2019ordre : la lib\u00e9ration imm\u00e9diate du pr\u00e9sident du groupe Cevital, Issad Rebrab, injustement incarc\u00e9r\u00e9 \u00e0 la prison d\u2019El-Harrach, depuis le 22 avril dernier.<\/p>\n<p class=\"c10\">La marche d\u00e9marrera \u00e0 10h, depuis le complexe Cevital de B\u00e9ja\u00efa vers le Palais de justice de la ville. Ensuite, elle se poursuivra jusqu\u2019au si\u00e8ge de la wilaya o\u00f9 se tiendra un rassemblement suivi de prises de parole. Dans une vid\u00e9o post\u00e9e hier sur sa page facebook et largement relay\u00e9e par les r\u00e9seaux sociaux, le porte-parole de la Coordination des comit\u00e9s de soutien aux travailleurs de Cevital, Mourad Bouzidi, appelle l\u2019ensemble des Alg\u00e9riennes et des Alg\u00e9riens \u00e0 r\u00e9\u00e9diter l\u2019exploit de la marche historique du 11 d\u00e9cembre 2018. Laquelle avait, faut-il le\u00a0rappeler, drain\u00e9 des centaines de milliers de personnes dans les\u00a0rues de B\u00e9ja\u00efa autour de la principale revendication d\u2019alors, \u00e0\u00a0savoir : le d\u00e9blocage des projets d\u2019investissement initi\u00e9s par le groupe Cevital et entrav\u00e9s par le r\u00e9gime de Bouteflika.\u201cTant que le pr\u00e9sident du Groupe Cevital reste en prison, la mobilisation pour sa lib\u00e9ration continuera\u201d, a d\u00e9clar\u00e9 Mourad Bouzidi sur Berb\u00e8re T\u00e9l\u00e9vision, avant\u00a0d\u2019ajouter : \u201cLe combat pour la lib\u00e9ration d\u2019Issad Rebrab s\u2019inscrit, pour nous, dans le cadre m\u00eame du combat du peuple alg\u00e9rien qui exige, \u00e0 travers le mouvement du 22 f\u00e9vrier, le d\u00e9part de tout le syst\u00e8me qui a mis le pays \u00e0 genoux.\u201d Concernant les chefs d\u2019accusation retenus contre le patron de Cevital, M. Bouzidi affirmera que \u201cson dossier est vide\u201d, pr\u00e9cisant que \u201cson incarc\u00e9ration fait suite \u00e0 une plainte d\u00e9pos\u00e9e contre lui par les services de douanes qui contestent le prix de la machine import\u00e9e par Cevital dans le cadre de son projet d\u2019usine EvCon, sise \u00e0 l\u2019Arba (Blida)\u201d. Des sources affirment que cette m\u00eame plainte a \u00e9t\u00e9 introduite sur injonction d\u2019un oligarque proche de Sa\u00efd\u00a0Bouteflika. Pour M. Bouzidi, la mise sous mandat de d\u00e9p\u00f4t du fondateur du premier groupe industriel priv\u00e9 en Alg\u00e9rie est \u201cune d\u00e9cision politique\u201d visant \u00e0 \u201chumilier un grand investisseur qui refuse d\u2019abdiquer en faveur d\u2019une caste pr\u00e9datrice\u201d.<\/p>\n<p class=\"c10\">\u201c\u00c0 travers cette cabale judiciaire dont est victime aujourd\u2019hui le plus grand cr\u00e9ateur de richesses parmi les investisseurs nationaux, c\u2019est toute l\u2019\u00e9conomie alg\u00e9rienne qui est cibl\u00e9e\u201d, a-t-il indiqu\u00e9. Avant de conclure : \u201cNous assistons aujourd\u2019hui \u00e0 une bataille entre l\u2019Alg\u00e9rie des pr\u00e9dateurs, repr\u00e9sent\u00e9e par les tenants d\u2019un r\u00e9gime aux abois, et l\u2019Alg\u00e9rie productive, celle des b\u00e2tisseurs, dans laquelle s\u2019inscrit M. Rebrab.\u201d<br \/>\u00a0<\/p>\n<p class=\"c11\"><strong>Kamal Ouhnia<\/strong><\/p>\n<\/div>\n<div id=\"text_core\" readability=\"76\">\n<p class=\"c10\">Une forte mobilisation citoyenne est attendue, ce matin dans la ville de B\u00e9ja\u00efa, en r\u00e9ponse \u00e0 l\u2019appel \u00e0 une marche pacifique, lanc\u00e9 le 29 avril dernier par la Coordination nationale des comit\u00e9s de soutien aux travailleurs de Cevital et aux investissements \u00e9conomiques. Une manifestation de rue qui aura pour mot d\u2019ordre : la lib\u00e9ration imm\u00e9diate du pr\u00e9sident du groupe Cevital, Issad Rebrab, injustement incarc\u00e9r\u00e9 \u00e0 la prison d\u2019El-Harrach, depuis le 22 avril dernier.<\/p>\n<p class=\"c10\">La marche d\u00e9marrera \u00e0 10h, depuis le complexe Cevital de B\u00e9ja\u00efa vers le Palais de justice de la ville. Ensuite, elle se poursuivra jusqu\u2019au si\u00e8ge de la wilaya o\u00f9 se tiendra un rassemblement suivi de prises de parole. Dans une vid\u00e9o post\u00e9e hier sur sa page facebook et largement relay\u00e9e par les r\u00e9seaux sociaux, le porte-parole de la Coordination des comit\u00e9s de soutien aux travailleurs de Cevital, Mourad Bouzidi, appelle l\u2019ensemble des Alg\u00e9riennes et des Alg\u00e9riens \u00e0 r\u00e9\u00e9diter l\u2019exploit de la marche historique du 11 d\u00e9cembre 2018. Laquelle avait, faut-il le\u00a0rappeler, drain\u00e9 des centaines de milliers de personnes dans les\u00a0rues de B\u00e9ja\u00efa autour de la principale revendication d\u2019alors, \u00e0\u00a0savoir : le d\u00e9blocage des projets d\u2019investissement initi\u00e9s par le groupe Cevital et entrav\u00e9s par le r\u00e9gime de Bouteflika.\u201cTant que le pr\u00e9sident du Groupe Cevital reste en prison, la mobilisation pour sa lib\u00e9ration continuera\u201d, a d\u00e9clar\u00e9 Mourad Bouzidi sur Berb\u00e8re T\u00e9l\u00e9vision, avant\u00a0d\u2019ajouter : \u201cLe combat pour la lib\u00e9ration d\u2019Issad Rebrab s\u2019inscrit, pour nous, dans le cadre m\u00eame du combat du peuple alg\u00e9rien qui exige, \u00e0 travers le mouvement du 22 f\u00e9vrier, le d\u00e9part de tout le syst\u00e8me qui a mis le pays \u00e0 genoux.\u201d Concernant les chefs d\u2019accusation retenus contre le patron de Cevital, M. Bouzidi affirmera que \u201cson dossier est vide\u201d, pr\u00e9cisant que \u201cson incarc\u00e9ration fait suite \u00e0 une plainte d\u00e9pos\u00e9e contre lui par les services de douanes qui contestent le prix de la machine import\u00e9e par Cevital dans le cadre de son projet d\u2019usine EvCon, sise \u00e0 l\u2019Arba (Blida)\u201d. Des sources affirment que cette m\u00eame plainte a \u00e9t\u00e9 introduite sur injonction d\u2019un oligarque proche de Sa\u00efd\u00a0Bouteflika. Pour M. Bouzidi, la mise sous mandat de d\u00e9p\u00f4t du fondateur du premier groupe industriel priv\u00e9 en Alg\u00e9rie est \u201cune d\u00e9cision politique\u201d visant \u00e0 \u201chumilier un grand investisseur qui refuse d\u2019abdiquer en faveur d\u2019une caste pr\u00e9datrice\u201d.<\/p>\n<p class=\"c10\">\u201c\u00c0 travers cette cabale judiciaire dont est victime aujourd\u2019hui le plus grand cr\u00e9ateur de richesses parmi les investisseurs nationaux, c\u2019est toute l\u2019\u00e9conomie alg\u00e9rienne qui est cibl\u00e9e\u201d, a-t-il indiqu\u00e9. Avant de conclure : \u201cNous assistons aujourd\u2019hui \u00e0 une bataille entre l\u2019Alg\u00e9rie des pr\u00e9dateurs, repr\u00e9sent\u00e9e par les tenants d\u2019un r\u00e9gime aux abois, et l\u2019Alg\u00e9rie productive, celle des b\u00e2tisseurs, dans laquelle s\u2019inscrit M. Rebrab.\u201d<br \/>\u00a0<\/p>\n<p class=\"c11\"><strong>Kamal Ouhnia<\/strong><\/p>\n<\/div>\n<p>Auteur:<br \/>\n<a href=\"https:\/\/www.liberte-algerie.com\/actualite\/nouvelle-marche-de-soutien-a-issad-rebrab-314984\">Cliquez ici pour lire l&rsquo;article depuis sa source.<\/a><\/p>\n","protected":false},"excerpt":{"rendered":"<p>Une forte mobilisation citoyenne est attendue, ce matin dans la ville de B\u00e9ja\u00efa, en r\u00e9ponse \u00e0 l\u2019appel \u00e0 une marche pacifique, lanc\u00e9 le 29 avril dernier par la Coordination nationale des comit\u00e9s de soutien aux travailleurs de Cevital et aux investissements \u00e9conomiques. Une manifestation de rue qui aura pour mot d\u2019ordre : la lib\u00e9ration imm\u00e9diate [&hellip;]<\/p>\n","protected":false},"author":1742,"featured_media":0,"comment_status":"closed","ping_status":"closed","sticky":false,"template":"","format":"standard","meta":{"fifu_image_url":"","fifu_image_alt":"","footnotes":""},"categories":[73,53],"tags":[],"class_list":["post-31657","post","type-post","status-publish","format-standard","hentry","category-actualite","category-algerie"],"_links":{"self":[{"href":"https:\/\/linitiative.ca\/International\/wp-json\/wp\/v2\/posts\/31657","targetHints":{"allow":["GET"]}}],"collection":[{"href":"https:\/\/linitiative.ca\/International\/wp-json\/wp\/v2\/posts"}],"about":[{"href":"https:\/\/linitiative.ca\/International\/wp-json\/wp\/v2\/types\/post"}],"author":[{"embeddable":true,"href":"https:\/\/linitiative.ca\/International\/wp-json\/wp\/v2\/users\/1742"}],"replies":[{"embeddable":true,"href":"https:\/\/linitiative.ca\/International\/wp-json\/wp\/v2\/comments?post=31657"}],"version-history":[{"count":0,"href":"https:\/\/linitiative.ca\/International\/wp-json\/wp\/v2\/posts\/31657\/revisions"}],"wp:attachment":[{"href":"https:\/\/linitiative.ca\/International\/wp-json\/wp\/v2\/media?parent=31657"}],"wp:term":[{"taxonomy":"category","embeddable":true,"href":"https:\/\/linitiative.ca\/International\/wp-json\/wp\/v2\/categories?post=31657"},{"taxonomy":"post_tag","embeddable":true,"href":"https:\/\/linitiative.ca\/International\/wp-json\/wp\/v2\/tags?post=31657"}],"curies":[{"name":"wp","href":"https:\/\/api.w.org\/{rel}","templated":true}]}}