{"id":31679,"date":"2019-05-02T05:20:00","date_gmt":"2019-05-02T09:20:00","guid":{"rendered":"https:\/\/linitiative.ca\/International\/qui-siegera-a-la-commission-devaluation-des-privatisables\/"},"modified":"2019-05-02T05:20:00","modified_gmt":"2019-05-02T09:20:00","slug":"qui-siegera-a-la-commission-devaluation-des-privatisables","status":"publish","type":"post","link":"https:\/\/linitiative.ca\/International\/qui-siegera-a-la-commission-devaluation-des-privatisables\/","title":{"rendered":"Qui si\u00e8gera \u00e0 la commission d\u2019\u00e9valuation des privatisables"},"content":{"rendered":"<p class=\"rtejustify\">La commission charg\u00e9e des transferts des entreprises publiques au priv\u00e9 vient d\u2019\u00eatre form\u00e9e. Elle sera compos\u00e9e de Zouhir Chorfi, secr\u00e9taire g\u00e9n\u00e9ral du minist\u00e8re des Finances, Khalid Safir, wali, directeur g\u00e9n\u00e9ral des collectivit\u00e9s locales, Fouzia Za\u00e2boul, directrice du Tr\u00e9sor et des finances ext\u00e9rieures\u2026 Le m\u00eame dahir pr\u00e9voit, \u00e9galement, la cr\u00e9ation de la commission d\u2019\u00e9valuation des privatisables. Elle sera pr\u00e9sid\u00e9e par Abdellatif Jouahri, wali de Bank Al Maghrib. La commission sera compos\u00e9e d\u2019Ahmed Reda Chami, pr\u00e9sident du CESE, Hassan Boubrik, pr\u00e9sident de l\u2019Autorit\u00e9 de contr\u00f4le des assurances et de la pr\u00e9voyance sociale, Amina Benkhadra, DG de l\u2019Onhym\u2026<\/p>\n<p class=\"rtejustify\"><em>H.E.<\/em><\/p>\n<p class=\"rtejustify\">\u00a0<\/p>\n<p>Auteur: hlafriqi<br \/>\n<a href=\"https:\/\/www.leconomiste.com\/article\/1044495-qui-siegera-la-commission-d-evaluation-des-privatisables\">Cliquez ici pour lire l&rsquo;article depuis sa source.<\/a><\/p>\n","protected":false},"excerpt":{"rendered":"<p>La commission charg\u00e9e des transferts des entreprises publiques au priv\u00e9 vient d\u2019\u00eatre form\u00e9e. Elle sera compos\u00e9e de Zouhir Chorfi, secr\u00e9taire g\u00e9n\u00e9ral du minist\u00e8re des Finances, Khalid Safir, wali, directeur g\u00e9n\u00e9ral des collectivit\u00e9s locales, Fouzia Za\u00e2boul, directrice du Tr\u00e9sor et des finances ext\u00e9rieures\u2026 Le m\u00eame dahir pr\u00e9voit, \u00e9galement, la cr\u00e9ation de la commission d\u2019\u00e9valuation des privatisables. [&hellip;]<\/p>\n","protected":false},"author":1763,"featured_media":0,"comment_status":"closed","ping_status":"closed","sticky":false,"template":"","format":"standard","meta":{"fifu_image_url":"","fifu_image_alt":"","footnotes":""},"categories":[78,54],"tags":[],"class_list":["post-31679","post","type-post","status-publish","format-standard","hentry","category-economie","category-maroc"],"_links":{"self":[{"href":"https:\/\/linitiative.ca\/International\/wp-json\/wp\/v2\/posts\/31679","targetHints":{"allow":["GET"]}}],"collection":[{"href":"https:\/\/linitiative.ca\/International\/wp-json\/wp\/v2\/posts"}],"about":[{"href":"https:\/\/linitiative.ca\/International\/wp-json\/wp\/v2\/types\/post"}],"author":[{"embeddable":true,"href":"https:\/\/linitiative.ca\/International\/wp-json\/wp\/v2\/users\/1763"}],"replies":[{"embeddable":true,"href":"https:\/\/linitiative.ca\/International\/wp-json\/wp\/v2\/comments?post=31679"}],"version-history":[{"count":0,"href":"https:\/\/linitiative.ca\/International\/wp-json\/wp\/v2\/posts\/31679\/revisions"}],"wp:attachment":[{"href":"https:\/\/linitiative.ca\/International\/wp-json\/wp\/v2\/media?parent=31679"}],"wp:term":[{"taxonomy":"category","embeddable":true,"href":"https:\/\/linitiative.ca\/International\/wp-json\/wp\/v2\/categories?post=31679"},{"taxonomy":"post_tag","embeddable":true,"href":"https:\/\/linitiative.ca\/International\/wp-json\/wp\/v2\/tags?post=31679"}],"curies":[{"name":"wp","href":"https:\/\/api.w.org\/{rel}","templated":true}]}}