{"id":31686,"date":"2019-05-02T06:00:00","date_gmt":"2019-05-02T10:00:00","guid":{"rendered":"https:\/\/linitiative.ca\/International\/tamesloht-les-enfants-du-douar-shib-ont-enfin-une-ecole-digne\/"},"modified":"2019-05-02T06:00:00","modified_gmt":"2019-05-02T10:00:00","slug":"tamesloht-les-enfants-du-douar-shib-ont-enfin-une-ecole-digne","status":"publish","type":"post","link":"https:\/\/linitiative.ca\/International\/tamesloht-les-enfants-du-douar-shib-ont-enfin-une-ecole-digne\/","title":{"rendered":"Tamesloht: Les enfants du douar Shib ont enfin une \u00e9cole \u00abdigne\u00bb"},"content":{"rendered":"<div readability=\"37\">\n<p>Sanitaires, salle multim\u00e9dia, activit\u00e9s, vacances\u2026 les initiatives<\/p>\n<p>2 concerts \u00e0 leur profit par l\u2019Orchestre \u00e0 Cordes du Pays de Gex<\/p>\n<\/div>\n<div readability=\"93.5\">\n<div class=\"dnd-atom-wrapper type-image context-sdl_editor_representation atom-align-right\" contenteditable=\"false\" readability=\"33\">\n<div class=\"dnd-drop-wrapper image\"><img loading=\"lazy\" decoding=\"async\" typeof=\"foaf:Image\" class=\"img-responsive\" src=\"https:\/\/www.leconomiste.com\/sites\/default\/files\/eco7\/public\/thumbnails\/image\/ecole_tamesloht_006.jpg\" width=\"319\" height=\"425\" alt=\"ecole_tamesloht_006.jpg\" title=\"ecole_tamesloht_006.jpg\"\/><\/div>\n<div class=\"dnd-legend-wrapper\" contenteditable=\"true\" readability=\"11\">\n<p class=\"rtejustify\">Les \u00e9l\u00e8ves de l\u2019\u00e9cole du douar Shib profitent aujourd\u2019hui d\u2019une \u00e9cole digne de ce nom. Une association norv\u00e9gienne leur a m\u00eame fait parvenir des conteneurs remplis de v\u00e9los distribu\u00e9s aux enfants, qui ont tr\u00e8s souvent de la route \u00e0 faire entre la maison et l\u2019\u00e9cole <em>(Ph. Aghbalou pour l\u2019\u00e9ducation)<\/em><\/p>\n<\/div>\n<\/div>\n<p class=\"rtejustify\">Le hasard est pour beaucoup dans cette aventure. Quand Sa\u00e2d Baddou, diplomate de carri\u00e8re aujourd\u2019hui \u00e0 la retraite, s\u2019installe dans la r\u00e9gion de Tamesloht, il ne peut se satisfaire de ce qu\u2019il voit tout pr\u00e8s de chez lui. \u00abJe passais tous les jours devant une petite \u00e9cole du douar Shib, qui n\u2019avait ni cl\u00f4ture, ni bloc sanitaire. J\u2019\u00e9tais meurtri de voir qu\u2019elle se limitait \u00e0 ses salles de classe\u00bb, confie-t-il.<\/p>\n<p class=\"rtejustify\">Alors il en parle autour de lui avec l\u2019id\u00e9e de construire en urgence ces infrastructures de base. \u00abIl y a eu un tel enthousiasme autour de ce projet que nous avons pu financer le mur d\u2019enceinte et un bloc sanitaire de 4 toilettes pour les filles et 4 pour les gar\u00e7ons\u00bb. Puis tout s\u2019encha\u00eene encore et encore.<\/p>\n<p class=\"rtejustify\">En 2016, des artistes marocains font don de leurs toiles pour une vente aux ench\u00e8res au profit de l\u2019association Aghbalou pour l\u2019\u00e9ducation, aux commandes de ces actions. Une union de bonnes volont\u00e9s qui fait ind\u00e9niablement leur force. Une soci\u00e9t\u00e9 am\u00e9ricaine finance la construction et l\u2019\u00e9quipement d\u2019une salle multim\u00e9dia. Une association norv\u00e9gienne leur fait parvenir des conteneurs remplis de v\u00e9los distribu\u00e9s aux enfants, qui ont tr\u00e8s souvent de la route \u00e0 faire entre la maison et l\u2019\u00e9cole.<\/p>\n<p class=\"rtejustify\">Entre autres initiatives, l\u2019\u00e9cole du douar Shib poss\u00e8de aujourd\u2019hui son pr\u00e9au, une biblioth\u00e8que, une salle r\u00e9serv\u00e9e aux enseignants, ou encore un triporteur, rempli de livres, charg\u00e9 de faire le relais entre tous les \u00e9coles de la r\u00e9gion. Car c\u2019est bien l\u00e0 le principe de g\u00e9n\u00e9rosit\u00e9.<\/p>\n<div class=\"dnd-atom-wrapper type-image context-sdl_editor_representation\" contenteditable=\"false\" readability=\"32\">\n<div class=\"dnd-drop-wrapper image\"><img loading=\"lazy\" decoding=\"async\" typeof=\"foaf:Image\" class=\"img-responsive\" src=\"https:\/\/www.leconomiste.com\/sites\/default\/files\/eco7\/public\/thumbnails\/image\/tamesloht-ecole-006.jpg\" width=\"660\" height=\"330\" alt=\"tamesloht-ecole-006.jpg\" title=\"tamesloht-ecole-006.jpg\"\/><\/div>\n<div class=\"dnd-legend-wrapper\" contenteditable=\"true\" readability=\"9\">\n<p class=\"rtejustify\">Chaque \u00e9t\u00e9, les enfants de l\u2019\u00e9cole du douar Shib partent au bord de la mer pour les vacances <em>(Ph. Aghbalou pour l\u2019\u00e9ducation)<\/em><\/p>\n<\/div>\n<\/div>\n<p class=\"rtejustify\">\u00abL\u2019\u00e9cole est aujourd\u2019hui un point d\u2019appui pour diffuser ces m\u00eames actions au gr\u00e9 des besoins alentours\u00bb, continue Baddou. Tout ce que l\u2019association r\u00e9ussit \u00e0 obtenir, elle le partage avec les \u00e9coles voisines. Les loisirs ne sont pas en reste. Un dimanche sur deux, les enseignants et les mamans animent des ateliers de peinture, cuisine, broderie, musique\u2026 pour les \u00e9coliers.<\/p>\n<p class=\"rtejustify\">\u00abNous tenons avant tout \u00e0 faire de cet \u00e9tablissement un lieu de convivialit\u00e9\u00bb, explique Baddou. Et chaque \u00e9t\u00e9, tous partent au bord de la mer pour changer d\u2019air. Alors forc\u00e9ment tout a chang\u00e9. Les parents, les professeurs, et les enfants, tous se sont \u00e9panouis au fur et \u00e0 mesure que l\u2019\u00e9cole s\u2019\u00e9quipait. \u00abNous faisons ici \u00e0 grande \u00e9chelle ce que nous faisons tous pour nos propres enfants\u00bb. Un parfait r\u00e9sum\u00e9 de l\u2019\u00e9tat d\u2019esprit qui plane aujourd\u2019hui sur cette petite \u00e9cole devenue grande.<\/p>\n<blockquote readability=\"18\">\n<p class=\"rtecenter\"><strong><span class=\"c3\">Vivaldi \u00e0 l\u2019\u00e9cole<\/span><\/strong><\/p>\n<p class=\"rtejustify\">Derni\u00e8re initiative en date, le 25 avril, l\u2019Orchestre \u00e0 Cordes du Pays de Gex a offert un concert au sein de l\u2019\u00e9cole de Tamesloht, et un autre le 26 au mus\u00e9e Yves Saint Laurent de Marrakech. Il s\u2019agit \u00e0 la fois de r\u00e9colter des fonds, et d\u2019ouvrir de nouveaux horizons aux habitants de cette r\u00e9gion rurale encore trop d\u00e9favoris\u00e9e. Si l\u2019id\u00e9e est partie d\u2019une rencontre avec une violoniste fran\u00e7aise en vacances au Maroc que Sa\u00e2d Baddou a invit\u00e9e \u00e0 se produire devant les \u00e9l\u00e8ves, elle a choisi de ramener avec elle tout l\u2019orchestre. \u00abJe pensais qu\u2019elle viendrait en soliste, et nous nous retrouvons avec 14 musiciens\u00bb, se r\u00e9jouit le diplomate. Violonistes, altistes, violoncellistes, contrebassistes ont fait r\u00e9sonner Vivaldi pour deux soir\u00e9es d\u2019exception qui resteront grav\u00e9es dans les esprits. \u00abPas un jour o\u00f9 il ne se passe pas un miracle\u00bb.<\/p>\n<\/blockquote>\n<p class=\"rtejustify\"><em>J.A.<\/em><\/p>\n<\/div>\n<p>Auteur: hlafriqi<br \/>\n<a href=\"https:\/\/www.leconomiste.com\/article\/1044487-tamesloht-les-enfants-du-douar-shib-ont-enfin-une-ecole-digne\">Cliquez ici pour lire l&rsquo;article depuis sa source.<\/a><\/p>\n","protected":false},"excerpt":{"rendered":"<p>Sanitaires, salle multim\u00e9dia, activit\u00e9s, vacances\u2026 les initiatives 2 concerts \u00e0 leur profit par l\u2019Orchestre \u00e0 Cordes du Pays de Gex Les \u00e9l\u00e8ves de l\u2019\u00e9cole du douar Shib profitent aujourd\u2019hui d\u2019une \u00e9cole digne de ce nom. Une association norv\u00e9gienne leur a m\u00eame fait parvenir des conteneurs remplis de v\u00e9los distribu\u00e9s aux enfants, qui ont tr\u00e8s souvent [&hellip;]<\/p>\n","protected":false},"author":1763,"featured_media":31687,"comment_status":"closed","ping_status":"closed","sticky":false,"template":"","format":"standard","meta":{"fifu_image_url":"","fifu_image_alt":"","footnotes":""},"categories":[78,54],"tags":[],"class_list":["post-31686","post","type-post","status-publish","format-standard","has-post-thumbnail","hentry","category-economie","category-maroc"],"_links":{"self":[{"href":"https:\/\/linitiative.ca\/International\/wp-json\/wp\/v2\/posts\/31686","targetHints":{"allow":["GET"]}}],"collection":[{"href":"https:\/\/linitiative.ca\/International\/wp-json\/wp\/v2\/posts"}],"about":[{"href":"https:\/\/linitiative.ca\/International\/wp-json\/wp\/v2\/types\/post"}],"author":[{"embeddable":true,"href":"https:\/\/linitiative.ca\/International\/wp-json\/wp\/v2\/users\/1763"}],"replies":[{"embeddable":true,"href":"https:\/\/linitiative.ca\/International\/wp-json\/wp\/v2\/comments?post=31686"}],"version-history":[{"count":0,"href":"https:\/\/linitiative.ca\/International\/wp-json\/wp\/v2\/posts\/31686\/revisions"}],"wp:featuredmedia":[{"embeddable":true,"href":"https:\/\/linitiative.ca\/International\/wp-json\/"}],"wp:attachment":[{"href":"https:\/\/linitiative.ca\/International\/wp-json\/wp\/v2\/media?parent=31686"}],"wp:term":[{"taxonomy":"category","embeddable":true,"href":"https:\/\/linitiative.ca\/International\/wp-json\/wp\/v2\/categories?post=31686"},{"taxonomy":"post_tag","embeddable":true,"href":"https:\/\/linitiative.ca\/International\/wp-json\/wp\/v2\/tags?post=31686"}],"curies":[{"name":"wp","href":"https:\/\/api.w.org\/{rel}","templated":true}]}}