{"id":31727,"date":"2019-05-02T05:15:33","date_gmt":"2019-05-02T09:15:33","guid":{"rendered":"https:\/\/linitiative.ca\/International\/un-1er-mai-marque-par-le-hirak-bonne-fete-yetnahaw-ga3\/"},"modified":"2019-05-02T05:15:33","modified_gmt":"2019-05-02T09:15:33","slug":"un-1er-mai-marque-par-le-hirak-bonne-fete-yetnahaw-ga3","status":"publish","type":"post","link":"https:\/\/linitiative.ca\/International\/un-1er-mai-marque-par-le-hirak-bonne-fete-yetnahaw-ga3\/","title":{"rendered":"Un 1er mai marqu\u00e9 par le hirak :  \u00abBonne f\u00eate, yetnahaw ga3\u00a0!\u00bb"},"content":{"rendered":"<h4 class=\"title-14\">Journ\u00e9e internationale des travailleurs<\/h4>\n<div class=\"featured_image\">\n<p><img loading=\"lazy\" decoding=\"async\" width=\"901\" height=\"643\" src=\"https:\/\/www.elwatan.com\/wp-content\/uploads\/2019\/05\/une-travailleurs-e1556752648608.jpg\" class=\"attachment-post-thumbnail size-post-thumbnail wp-post-image\" alt=\"\"\/><\/p>\n<p> <span class=\"featured-image-caption\">(Photo : B. Souhil)<\/span><\/div>\n<p>Alger, 1er mai 2019. La Journ\u00e9e internationale des travailleurs avait, ce mercredi, une saveur particuli\u00e8re et pour cause\u00a0: ce 1er Mai est tomb\u00e9 en plein hirak. Pour marquer cette journ\u00e9e, deux rassemblements \u00abcompl\u00e9mentaires\u00bb se sont tenus, l\u2019un devant la Maison du peuple, si\u00e8ge de l\u2019UGTA, sur le boulevard A\u00efssat Idir, l\u2019autre \u00e0 la Grande-Poste.<\/p>\n<p>La Conf\u00e9d\u00e9ration des syndicats alg\u00e9riens (CSA), qui regroupe 13 organisations syndicales autonomes, avait lanc\u00e9, rappelle-t-on, un appel pour une marche nationale.<\/p>\n<p>Dans cet appel aux airs de manifeste, diffus\u00e9 le 29 avril, la CSA exhortait tous les travailleurs \u00e0 rejoindre cette action\u00a0qui s\u2019inscrit r\u00e9solument dans la dynamique du mouvement populaire du 22 f\u00e9vrier.<\/p>\n<p>Extrait : \u00abLa Conf\u00e9d\u00e9ration des syndicats alg\u00e9riens appelle tous les travailleurs \u00e0 l\u2019unit\u00e9 militante et au regroupement syndical afin de construire l\u2019Alg\u00e9rie des libert\u00e9s et des libert\u00e9s syndicales, l\u2019Alg\u00e9rie des institutions, l\u2019Alg\u00e9rie de l\u2019Etat de droit, une Alg\u00e9rie o\u00f9 la souverainet\u00e9 est au peuple, une Alg\u00e9rie de la dignit\u00e9, une Alg\u00e9rie du pouvoir d\u2019achat, une Alg\u00e9rie du salaire d\u00e9cent, une Alg\u00e9rie qui garantisse la dignit\u00e9 des travailleurs et la pr\u00e9serve, une Alg\u00e9rie dans laquelle seront combattus les gangs et qui sera d\u00e9barrass\u00e9e du r\u00e9gime de la rente et de la tyrannie des patrons.\u00bb<\/p>\n<p><strong>Marche r\u00e9prim\u00e9e au \u00ab1er Mai\u00bb<\/strong><\/p>\n<p>La CSA avait pr\u00e9vu une marche de la place du 1er Mai \u00e0 la Grande-Poste. Mais les forces anti\u00e9meute de la police en ont d\u00e9cid\u00e9\u00a0autrement, r\u00e9primant la manif\u2019 \u00e0 coups de gaz lacrymog\u00e8nes \u00abspray\u00bb, avant de dresser des cordons de s\u00e9curit\u00e9 herm\u00e9tiques.<\/p>\n<p>Paradoxalement, la marche sera ainsi r\u00e9prim\u00e9e pr\u00e9cis\u00e9ment \u00e0 la place qui porte le nom de cette journ\u00e9e embl\u00e9matique cens\u00e9e \u00eatre aussi celle des membres de la police.<\/p>\n<p>\u00abMarche de la CSA bloqu\u00e9e au niveau du rond-point de l\u2019h\u00f4pital Mustapha avec usage de lacrymog\u00e8nes. On a suffoqu\u00e9. Tetnahaw gaa !\u00bb t\u00e9moignait \u00e0 chaud Meziane Meriane, coordinateur national du Snapest, sur sa page Facebook.<\/p>\n<p>L\u2019association RAJ a r\u00e9agi en d\u00e9non\u00e7ant cette r\u00e9pression \u00e0 travers un communiqu\u00e9 dans lequel on peut lire\u00a0: \u00abDes milliers de travailleurs et de travailleuses ainsi que des citoyen(e)s ont r\u00e9pondu \u00e0 l\u2019appel de la Conf\u00e9d\u00e9ration des syndicats alg\u00e9riens (CSA) pour une marche nationale \u00e0 Alger, \u00e0 l\u2019occasion de la Journ\u00e9e internationale des droits des travailleurs, qui a comme itin\u00e9raire la place du 1er Mai vers la Grande-Poste, pour revendiquer le d\u00e9part du syst\u00e8me.<\/p>\n<p>Malheureusement, le pouvoir alg\u00e9rien ne d\u00e9roge pas \u00e0 ses coutumes de r\u00e9pression et d\u2019intimidation. Les forces de police ont utilis\u00e9 comme d\u2019habitude les gaz lacrymog\u00e8nes pour disperser les manifestant(e)s et ont m\u00eame interpell\u00e9 des syndicalistes.\u00bb<\/p>\n<p>L\u2019association pr\u00e9sid\u00e9e par Abdelouahab Fersaoui d\u00e9nonce ces interpellations en saluant \u00abla d\u00e9termination et l\u2019engagement des syndicalistes et des citoyennes et des citoyens venus les soutenir\u00bb.<\/p>\n<p>Et de poursuivre\u00a0: \u00abLe RAJ condamne avec force cette \u00e9ni\u00e8me r\u00e9pression et les interpellations des syndicalistes en appelant \u00e0 leur lib\u00e9ration imm\u00e9diate.\u00bb<\/p>\n<p><strong>\u00abSid\u2019hom sa\u00efd d\u00e9gage\u00a0!\u00bb<\/strong><\/p>\n<p>Cet acte de r\u00e9pression n\u2019a pas emp\u00each\u00e9 travailleurs et syndicalistes de dire leur mot en faisant un maximum de bruit pour que leurs revendications soient entendues. Plusieurs citoyens non syndiqu\u00e9s, notamment des \u00e9tudiants, ont tenu \u00e9galement \u00e0 rejoindre ces manifs.<\/p>\n<p>Sur le parvis de la Grande-Poste, la foule scandait\u00a0: \u00abEcha\u00e2b yourid yetnahaw ga\u00e2\u00bb (Le peuple veut qu\u2019ils partent tous), \u00abHad echa\u00e2b la yourid Ga\u00efd Salah we Sa\u00efd\u00bb (Ce peuple ne veut pas Ga\u00efd Salah et Sa\u00efd), \u00abKlitou lebled ya esseraquine\u00bb (Vous avez pill\u00e9 le pays, bande de voleurs), \u00abYa lil \u00e2r ! Ya lil \u00e2r\u00a0! Naqaba bila qarar\u00a0!\u00bb (Quelle honte\u00a0! Syndicat sans d\u00e9cision)\u2026<\/p>\n<p>Comme nous l\u2019indiquions, un autre rassemblement s\u2019est tenu au m\u00eame moment devant la centrale syndicale pour exiger le d\u00e9part de \u00abSid\u2019hom Sa\u00efd\u00bb, litt\u00e9ralement\u00a0\u00ableur ma\u00eetre Sa\u00efd\u00bb, d\u00e9formation, on l\u2019aura compris, Sidi Sa\u00efd, l\u2019inamovible patron de l\u2019UGTA, comme on pouvait le lire sur nombre de pancartes. \u00abSid\u2019hom Sa\u00efd d\u00e9gage\u00a0!\u00bb \u00abLib\u00e9rez l\u2019UGTA\u00a0!\u00bb, \u00abLa 8e BB de Sonacome pour lib\u00e9rer la Maison du peuple\u00bb, \u00abA\u00efssat Idir a fond\u00e9 l\u2019Union et Sid\u2019hom Sa\u00efd zaim de la corruption\u00bb, \u00abSyndicat libre et d\u00e9mocratique\u00bb, \u00abNon \u00e0 l\u2019Etat du capital, nous voulons un Etat qui serve les int\u00e9r\u00eats des travailleurs\u00bb, martelaient plusieurs pancartes et banderoles. Beaucoup invoquaient \u00e9galement les noms de A\u00efssat Idir, fondateur de l\u2019UGTA, et de Abdelhak Benhamouda, l\u2019ancien chef de la centrale syndicale assassin\u00e9 le 28 janvier 1997 \u00e0 quelques pas d\u2019ici, dans la cour de la Maison du peuple. Une mani\u00e8re de signifier \u00e0 Abdelmadjid Sidi Sa\u00efd qu\u2019il ne soutenait pas la comparaison avec ses illustres pr\u00e9d\u00e9cesseurs.<\/p>\n<p>A noter que plusieurs sections syndicales et collectifs de travailleurs de nombreuses unit\u00e9s, dont de grandes soci\u00e9t\u00e9s nationales (SNVI, Naftal, Saidal, Sonelgaz, ANEP\u2026) \u00e9taient repr\u00e9sent\u00e9s \u00e0 ce rassemblement.<\/p>\n<p>Alors qu\u2019une haie de policiers emp\u00eachait la foule d\u2019avancer vers la place du 1er Mai, les travailleurs insurg\u00e9s ont fait le show avec toute sorte d\u2019images, de banderoles, de symboles, de slogans cri\u00e9s \u00e0 tue-t\u00eate ou relay\u00e9s par des m\u00e9gaphones tonitruants.<\/p>\n<p>Ils scandaient\u00a0: \u00abSaha aidkoum yetnaha gaw3\u00a0!\u00bb (Bonne f\u00eate, qu\u2019ils partent tous\u00a0!), \u00abAllah Allah ya baba, djina enharro ennaqaba\u00bb\u00a0(On est venus lib\u00e9rer le syndicat), \u00abEl Djeich dialna wel Ga\u00efd khanena\u00bb (L\u2019arm\u00e9e est n\u00f4tre mais Ga\u00efd nous a trahis), \u00abLahkaya bayna we edoula khayna\u00bb (L\u2019histoire est claire et le gouvernement est tra\u00eetre), \u00abYa houkoumate el Coca\u00efne, wel adilla kaynine\u00bb (Gouvernement de la coca\u00efne, et les preuves existent)\u2026<\/p>\n<p><strong>\u00abLa prochaine tripartite aura lieu \u00e0 El Harrach\u00bb<\/strong><\/p>\n<p>Brahim, employ\u00e9 \u00e0 Alg\u00e9rie Poste et syndicaliste au sein du Snapap, fulmine\u00a0: \u00abOn est contre el issaba (la bande), on est contre Sid\u2019hom Sa\u00efd. Ce sont tous des voleurs,\u00a0des corrompus, alors que nous (les syndicats autonomes, ndlr), on ne veut pas nous laisser travailler, on est r\u00e9prim\u00e9s\u00a0!\u00bb<\/p>\n<p>S\u2019agissant de la situation politique dans le pays et le jeu de Ga\u00efd Salah, Brahim dira\u00a0: \u00abNotre objectif est d\u2019enlever toute la issaba. Qu\u2019ils partent tous, Ga\u00efd compris\u00a0! L\u2019arm\u00e9e est avec nous, mais Ga\u00efd n\u2019est pas de notre c\u00f4t\u00e9. Ga\u00efd prot\u00e8ge le gang, il ne prot\u00e8ge pas le peuple.\u00bb<\/p>\n<p>Pour lui, les derni\u00e8res arrestations, dans les milieux d\u2019affaires, notamment, est une \u00abmasrahia\u00bb. \u00abCe que tu fais Ga\u00efd, c\u2019est de la com\u00e9die. Tu as enfreint la Constitution, tu donnes des ordres aux juges. Pourquoi tu as arr\u00eat\u00e9 Rebrab et pas Ouyahia\u00a0? Et Sa\u00efd\u00a0(Bouteflika, ndlr), tu le traites de \u2018\u2018issaba\u2019\u2019, pourquoi tu ne l\u2019arr\u00eates pas\u00a0?\u00bb ass\u00e8ne-t-il. Pour ce qui est du 4 juillet, Brahim exprime le sentiment de beaucoup de manifestants en disant\u00a0: \u00abEl vote makache, pas de vote\u00a0! Ceux qui vont \u00eatre charg\u00e9s de prot\u00e9ger les urnes font partie de la bande.<\/p>\n<p>Les Bedoui et Bensalah \u00e9taient avec Bouteflika, et vous voulez que je leur fasse confiance pour m\u2019organiser des \u00e9lections\u00a0? On n\u2019a pas besoin de vous, on ne veut plus de vous, troho ga3\u00a0!\u00a0On ne laissera pas gouverner la issaba\u00a0!\u00bb Certains adressaient des messages particuliers, comme ce retrait\u00e9 qui a \u00e9crit\u00a0: \u00abL\u2019IRG m\u2019aspire 30% de mon salaire.\u00bb Un autre arbore une large pancarte o\u00f9 il \u00e9voque sa situation personnelle\u00a0: \u00abJe suis syndicaliste \u00e0 l\u2019Enafor.<\/p>\n<p>Apr\u00e8s 17 ans de service, j\u2019ai \u00e9t\u00e9 abusivement licenci\u00e9. On veut l\u2019assainissement des entreprises p\u00e9troli\u00e8res de la mafia administrative et syndicale de Sid\u2019hom Sa\u00efd !\u00bb Nasreddine Mellah est lui aussi dans la m\u00eame configuration.<\/p>\n<p>Il a \u00e9t\u00e9 victime d\u2019un licenciement abusif de Naftal, confie-t-il. Sur sa pancarte, ces mots\u00a0: \u00abLes dossiers de corruption \u00e0 Naftal\u00a0; juger les syndicalistes et les administratifs corrompus.\u00bb Sur l\u2019autre face de son \u00e9criteau, ce message ironique\u00a0: \u00abLa prochaine tripartite aura lieu \u00e0 El Harrach\u00a0: Sid\u2019hom Sa\u00efd-OuyahiaHaddad !\u00bb<\/p>\n<p>Il nous explique que c\u2019est un ancien cadre de Naftal et qu\u2019il a \u00e9t\u00e9 \u00ablicenci\u00e9 en 2013 apr\u00e8s 28 ans de service\u00bb pour avoir \u00abd\u00e9nonc\u00e9 les agissements de syndicalistes UGTA, notamment en mati\u00e8re de recrutement familial \u00e0 Khenchela, et les mauvaises conditions de travail\u00bb.<\/p>\n<p>Son affaire a tra\u00een\u00e9 pendant cinq ans devant la justice, il a obtenu gain de cause, mais \u00abla Cour supr\u00eame a cass\u00e9 le jugement qui \u00e9tait en ma faveur\u00bb. Il soup\u00e7onne des \u00abinterventions\u00bb qui ont fait invalider la d\u00e9cision de justice.<\/p>\n<p><strong>Une association des travailleurs licenci\u00e9s abusivement<\/strong><\/p>\n<p>Ses d\u00e9boires ont conduit Nasreddine \u00e0 cr\u00e9er une association qui aura certainement son utilit\u00e9 dans le paysage social : la Coordination alg\u00e9rienne des syndicalistes et des travailleurs licenci\u00e9s abusivement (Castla). \u00abOn vient de la cr\u00e9er et on est en train de se r\u00e9unir au niveau national. Avec le hirak, c\u2019\u00e9tait l\u2019occasion d\u2019aller au bout de cette initiative.<\/p>\n<p>On a combattu avant le hirak, on a pay\u00e9 et on continue \u00e0 cause de l\u2019UGTA, \u00e0 cause de Sid\u2019hom Sa\u00efd et du clan qui le soutient\u00bb, dit Nasreddine, d\u00e9termin\u00e9 \u00e0 aller au bout de son combat.<\/p>\n<p>De son point de vue, il n\u2019y a pas que Sidi Sa\u00efd qui doit \u00eatre \u00abd\u00e9gag\u00e9\u00bb, \u00abil est \u00e0 l\u2019image du syst\u00e8me, il y a Bouteflika et il y a sa cour, sa petite clique. Dans toutes les entreprises, il y a des Sidi Sa\u00efd.<\/p>\n<p>On ne veut pas changer seulement la t\u00eate, on veut restructurer l\u2019UGTA de la t\u00eate \u00e0 la base et la reconstruire sur des fondations solides\u00bb, plaide Nasreddine Mellah. Un autre citoyen pr\u00e9sent \u00e0 cette manif\u2019, un brillant universitaire sp\u00e9cialiste du soufisme, a insist\u00e9, quant \u00e0 lui, sur l\u2019\u00e9tat de nos h\u00f4pitaux publics o\u00f9 vous avez des professeurs chefs de service pay\u00e9s par l\u2019Etat qui vont monnayer leurs prestations dans le priv\u00e9 en n\u00e9gligeant les malades dont ils ont officiellement la charge dans le secteur public.<\/p>\n<p>Il ciblait pr\u00e9cis\u00e9ment un radiologue exer\u00e7ant dans un CHU \u00e0 Alger\u00a0: \u00abIl d\u00e9laisse pendant des jours son travail \u00e0 l\u2019h\u00f4pital et il vient dans mon quartier, \u00e0 Belfort, faire ses IRM chez un priv\u00e9 ayant pignon sur rue\u00bb, d\u00e9nonce-t-il.<\/p>\n<p>Un jeune travailleur de la mythique SNVI de Rouiba manifeste en brandissant un bleu de travail macul\u00e9 de graisse, accroch\u00e9 \u00e0 un manche \u00e0 balai. Lui-m\u00eame porte une blouse d\u2019atelier de couleur verte. Il s\u2019appelle Mohamed, il a 32 ans, et il a huit ans de m\u00e9tier \u00e0 l\u2019ex-Sonacome.<\/p>\n<p>Il est affect\u00e9 \u00e0 l\u2019atelier \u00abm\u00e9canique-contr\u00f4le-fabrication\u00bb, explique-t-il. \u00abLe travailleur raho mahgor, on est m\u00e9pris\u00e9s\u00bb, s\u2019\u00e9crie-t-il. \u00abEt je ne parle pas que des travailleurs de la SNVI mais de toutes les soci\u00e9t\u00e9s.<\/p>\n<p>Sidi Sa\u00efd, \u00e7a fait plus de 22 ans qu\u2019il est l\u00e0 et avec lui, il n\u2019y a eu aucun changement, aucune am\u00e9lioration de notre situation, aucun d\u00e9veloppement, rien, que ce soit au niveau des ateliers ou les autres services\u2026<\/p>\n<p>Toutes les dol\u00e9ances des travailleurs qui lui ont \u00e9t\u00e9 adress\u00e9es sont rest\u00e9es lettre morte. Les travailleurs ne veulent plus de lui et demandent \u00e0 ce qu\u2019il parte, lui et les autres visages du syst\u00e8me. Barakat mennou, on veut quelqu\u2019un qui nous apporte un nouveau souffle. Il y a des jeunes qui m\u00e9ritent qu\u2019on leur donne leur chance.\u00bb<\/p>\n<p><strong>\u00abNous avons besoin de \u2018\u2018gilets orange politiques\u2019\u2019\u00bb<\/strong><\/p>\n<p>En marge du rassemblement qui s\u2019est tenu \u00e0 la Grande-Poste, discussion avec un jeune professeur de sciences politiques \u00e0 l\u2019universit\u00e9 d\u2019Alger, et qui a soutenu un doctorat d\u2019Etat en 2016 sur le th\u00e8me de la corruption, sous le titre\u00a0: \u00abCorruption syst\u00e9mique et Etat autoritaire\u00bb.<\/p>\n<p>Il s\u2019appelle Lima Mohamed-Halim. Analysant le moment politique que nous traversons, il observe qu\u2019AGS \u00abdonne l\u2019impression de vouloir renforcer sa position par rapport \u00e0 un hypoth\u00e9tique candidat qui \u00e9mergerait du hirak. M\u00eame dans le JT de l\u2019ENTV, on commence par Ga\u00efd Salah, ensuite, on parle de Bensalah qui est pourtant le chef de l\u2019Etat formel\u00bb.<\/p>\n<p>S\u2019agissant de son obstination \u00e0 aller au bout du \u00ab102\u00bb, le politiste fera remarquer\u00a0: \u00abOn constate pourtant que la Constitution a \u00e9t\u00e9 viol\u00e9e plusieurs fois.<\/p>\n<p>Pourquoi Ga\u00efd Salah ne prend pas l\u2019initiative de geler la Constitution comme on l\u2019a fait au Soudan et charger un coll\u00e8ge d\u2019experts d\u2019organiser la transition. M\u00eame au sein de l\u2019APN et du S\u00e9nat, il y a des gens valables, ils ne sont pas tous avec le syst\u00e8me.\u00bb Lima Mohamed-Halim estime que l\u2019heure est venue de se doter d\u2019un minimum d\u2019organisation\u00a0: \u00abCe qu\u2019on peut regretter, c\u2019est que jusqu\u2019\u00e0 pr\u00e9sent, le hirak n\u2019a pas fait \u00e9merger des cadres.<\/p>\n<p>On a des cadres aux comp\u00e9tences extraordinaires dans les entreprises, dans diverses institutions, mais aucun d\u2019entre eux ne veut appara\u00eetre. Je ne vois pas forc\u00e9ment la solution venir des politiciens\u2026<\/p>\n<p>Parmi ces jeunes qui font vibrer le mouvement, j\u2019aimerais voir certains de ces brillants activistes prendre des responsabilit\u00e9s. Ga\u00efd a dit : \u2018\u2018Je suis ouvert \u00e0 toute initiative\u2019\u2019, alors, qu\u2019on le mette devant le fait accompli.<\/p>\n<p>Pourquoi ne pas pr\u00e9senter une initiative ; lui signifier que l\u2019article 102, l\u2019\u00e9lection du 4 juillet sont d\u00e9pass\u00e9s, et voil\u00e0 l\u2019alternative ! Parce que dans le cas contraire, ce sera comme avec Bouteflika.<\/p>\n<p>Depuis 2013, le Pr\u00e9sident \u00e9tait malade, mais ils ont tenu jusqu\u2019\u00e0 ce que la situation devienne insoutenable. Ga\u00efd Salah a plac\u00e9 ses hommes partout, dans toutes les R\u00e9gions militaires, qui lui ont pr\u00eat\u00e9 all\u00e9geance, c\u2019est pour cela qu\u2019il n\u2019est pas press\u00e9 d\u2019actionner les articles 7 et 8.<\/p>\n<p>Juillet approche \u00e0 grands pas, et si ce blocage persiste, ce vide va laisser place, peut-\u00eatre, \u00e0 des cons\u00e9quences ind\u00e9sirables. On n\u2019arr\u00eate pas de dire que ce mouvement est \u00e9patant, OK, maintenant il faut passer \u00e0 une autre \u00e9tape. Les gens attendent du concret.<\/p>\n<p>On a vu\u00a0le travail formidable des gilets orange. Si on a r\u00e9ussi \u00e0 faire tout ce qu\u2019on a accompli, pourquoi on ne serait pas capables de d\u00e9signer un coll\u00e8ge de repr\u00e9sentants\u00a0? Nous avons maintenant besoin de \u2018\u2018gilets orange politiques\u2019\u2019.\u00bb<\/p>\n<div class=\"yuzo_related_post style-1\" data-version=\"5.12.88\">\n<p><h3>Related Post<\/h3>\n<\/p>\n<div class=\"yuzo_wraps\">\n<div class=\"relatedthumb relatedpost-284031 c10\"><a href=\"https:\/\/www.elwatan.com\/edition\/international\/israel-empeche-ghaza-de-se-reconstruire-27-03-2009\"\/><\/p>\n<p><span class=\"yuzo__text--title c9\">Isra\u00ebl emp\u00eache Ghaza de se reconstruire<\/span><\/div>\n<div class=\"relatedthumb relatedpost-151012 c10\"><a href=\"https:\/\/www.elwatan.com\/edition\/culture\/lhistoire-est-ecrite-par-les-vainqueurs-mais-lhistoire-des-vainqueurs-nest-pas-lhistoire-qui-finit-tot-ou-tard-par-reprendre-ses-droits-21-09-2018\"\/><\/p>\n<p><span class=\"yuzo__text--title c9\">L\u2019histoire est \u00e9crite par les vainqueurs mais l\u2019hi&#8230;<\/span><\/div>\n<div class=\"relatedthumb relatedpost-554807 c10\"><a href=\"https:\/\/www.elwatan.com\/regions\/est\/actu-est\/en-bref-1386-24-01-2019\"\/><\/p>\n<p><span class=\"yuzo__text--title c9\">En bref\u2026<\/span><\/div>\n<div class=\"relatedthumb relatedpost-295129 c10\"><a href=\"https:\/\/www.elwatan.com\/edition\/culture\/la-sortie-acte-culturel-16-07-2009\"\/><\/p>\n<p><span class=\"yuzo__text--title c9\">La sortie, acte culturel<\/span><\/div>\n<\/div>\n<\/div>\n<p><span class=\"post-views-label\">Post Views:<\/span> <span class=\"post-views-count\">1\u00a0872<\/span><\/p>\n<p>Auteur: Hicham Chouadria<br \/>\n<a href=\"https:\/\/www.elwatan.com\/a-la-une\/un-1er-mai-marque-par-le-hirak-bonne-fete-yetnahaw-ga3-02-05-2019\">Cliquez ici pour lire l&rsquo;article depuis sa source.<\/a><\/p>\n","protected":false},"excerpt":{"rendered":"<p>Journ\u00e9e internationale des travailleurs (Photo : B. Souhil) Alger, 1er mai 2019. La Journ\u00e9e internationale des travailleurs avait, ce mercredi, une saveur particuli\u00e8re et pour cause\u00a0: ce 1er Mai est tomb\u00e9 en plein hirak. Pour marquer cette journ\u00e9e, deux rassemblements \u00abcompl\u00e9mentaires\u00bb se sont tenus, l\u2019un devant la Maison du peuple, si\u00e8ge de l\u2019UGTA, sur le [&hellip;]<\/p>\n","protected":false},"author":1743,"featured_media":31728,"comment_status":"closed","ping_status":"closed","sticky":false,"template":"","format":"standard","meta":{"fifu_image_url":"","fifu_image_alt":"","footnotes":""},"categories":[73,53],"tags":[],"class_list":["post-31727","post","type-post","status-publish","format-standard","has-post-thumbnail","hentry","category-actualite","category-algerie"],"_links":{"self":[{"href":"https:\/\/linitiative.ca\/International\/wp-json\/wp\/v2\/posts\/31727","targetHints":{"allow":["GET"]}}],"collection":[{"href":"https:\/\/linitiative.ca\/International\/wp-json\/wp\/v2\/posts"}],"about":[{"href":"https:\/\/linitiative.ca\/International\/wp-json\/wp\/v2\/types\/post"}],"author":[{"embeddable":true,"href":"https:\/\/linitiative.ca\/International\/wp-json\/wp\/v2\/users\/1743"}],"replies":[{"embeddable":true,"href":"https:\/\/linitiative.ca\/International\/wp-json\/wp\/v2\/comments?post=31727"}],"version-history":[{"count":0,"href":"https:\/\/linitiative.ca\/International\/wp-json\/wp\/v2\/posts\/31727\/revisions"}],"wp:featuredmedia":[{"embeddable":true,"href":"https:\/\/linitiative.ca\/International\/wp-json\/"}],"wp:attachment":[{"href":"https:\/\/linitiative.ca\/International\/wp-json\/wp\/v2\/media?parent=31727"}],"wp:term":[{"taxonomy":"category","embeddable":true,"href":"https:\/\/linitiative.ca\/International\/wp-json\/wp\/v2\/categories?post=31727"},{"taxonomy":"post_tag","embeddable":true,"href":"https:\/\/linitiative.ca\/International\/wp-json\/wp\/v2\/tags?post=31727"}],"curies":[{"name":"wp","href":"https:\/\/api.w.org\/{rel}","templated":true}]}}